{"headers": {"id": "ID", "ano": "Ano", "numero": "N\u00famero", "tipo__sigla": "Tipo de Mat\u00e9ria Legislativa/Sigla", "tipo__descricao": "Tipo de Mat\u00e9ria Legislativa/Descri\u00e7\u00e3o", "autoria": "Autorias", "texto_original": "Texto Original", "ementa": "Ementa"}, "results": [{"id": "2783", "ano": "2022", "numero": "1", "tipo__sigla": "EMD M", "tipo__descricao": "Emenda Modificativa", "autoria": "ZILDERLEI NUNES", "texto_original": "http://sapl.cacu.go.leg.br/media/sapl/public/materialegislativa/2022/2783/emenda_modificativa_no_01-2022.pdf", "ementa": "Altera os artigos 1\u00ba, 23 \"caput\" e 50 do Projeto de Lei acima identificado."}, {"id": "2784", "ano": "2022", "numero": "2", "tipo__sigla": "EMD M", "tipo__descricao": "Emenda Modificativa", "autoria": "UBALDINO CARDOSO", "texto_original": "http://sapl.cacu.go.leg.br/media/sapl/public/materialegislativa/2022/2784/emenda_modificativa_no_02-2022.pdf", "ementa": "Altera o Art. 1\u00ba do Projeto de Lei acima identificado."}, {"id": "2819", "ano": "2022", "numero": "3", "tipo__sigla": "EMD M", "tipo__descricao": "Emenda Modificativa", "autoria": "UBALDINO CARDOSO", "texto_original": "http://sapl.cacu.go.leg.br/media/sapl/public/materialegislativa/2022/2819/emenda_modificativa_no_03-2022.pdf", "ementa": "Altera o Art. 1\u00ba do Projeto de Lei n\u00ba 42/2022."}, {"id": "2854", "ano": "2022", "numero": "4", "tipo__sigla": "EMD M", "tipo__descricao": "Emenda Modificativa", "autoria": "ZILDERLEI NUNES", "texto_original": "http://sapl.cacu.go.leg.br/media/sapl/public/materialegislativa/2022/2854/emenda_modificativo_no_04-2022.pdf", "ementa": "Altera o Art. 12 do Projeto de Lei acima identificado. (Projeto de Lei n\u00ba 62/2022)."}, {"id": "2873", "ano": "2022", "numero": "5", "tipo__sigla": "EMD M", "tipo__descricao": "Emenda Modificativa", "autoria": "ZILDERLEI NUNES", "texto_original": "http://sapl.cacu.go.leg.br/media/sapl/public/materialegislativa/2022/2873/emenda_modificativa_no_05-2022.pdf", "ementa": "Altera o Art. 1\u00ba do Projeto de Lei acima identificado (Projeto de Lei n\u00ba 50/2022)."}, {"id": "2880", "ano": "2022", "numero": "6", "tipo__sigla": "EMD M", "tipo__descricao": "Emenda Modificativa", "autoria": "LAURECI LIMA", "texto_original": "http://sapl.cacu.go.leg.br/media/sapl/public/materialegislativa/2022/2880/emenda_modificativa_no_06-2022.pdf", "ementa": "Altera o Art. 1\u00ba do Projeto de Emenda \u00e0 Lei Org\u00e2nica acima identificado."}, {"id": "2895", "ano": "2022", "numero": "7", "tipo__sigla": "EMD M", "tipo__descricao": "Emenda Modificativa", "autoria": "UBALDINO CARDOSO", "texto_original": "http://sapl.cacu.go.leg.br/media/sapl/public/materialegislativa/2022/2895/emenda_modificativa_no_07-22.pdf", "ementa": "Altera o Art. 1\u00ba do Projeto de Lei acima identificado. (Projeto de Lei n\u00ba 71/2022)"}, {"id": "2901", "ano": "2022", "numero": "8", "tipo__sigla": "EMD M", "tipo__descricao": "Emenda Modificativa", "autoria": "ZILDERLEI NUNES", "texto_original": "http://sapl.cacu.go.leg.br/media/sapl/public/materialegislativa/2022/2901/emenda_modificativa_no_08-2022.pdf", "ementa": "ALTERA OS ARTIGOS 1\u00ba, 3\u00ba, 4\u00ba, 5\u00ba E 9\u00ba, DO PROJETO DE LEI N\u00ba 43/2022."}, {"id": "2802", "ano": "2022", "numero": "1", "tipo__sigla": "IND", "tipo__descricao": "Indica\u00e7\u00e3o", "autoria": "ALEX PARREIRA", "texto_original": "http://sapl.cacu.go.leg.br/media/sapl/public/materialegislativa/2022/2802/indicacao_no_01-2022_-_ver._alex_02.08_-_indica_e_requer_seja_disponibilizado_um_curso_de_primeiros_socorros_aos_profissionais_das_escolas_infantis_do_municipio.pdf", "ementa": "Indica e requer seja disponibilizado um curso de primeiros socorros aos profissionais das escolas infantis do munic\u00edpio"}, {"id": "2803", "ano": "2022", "numero": "2", "tipo__sigla": "IND", "tipo__descricao": "Indica\u00e7\u00e3o", "autoria": "WALTER JUNIOR", "texto_original": "http://sapl.cacu.go.leg.br/media/sapl/public/materialegislativa/2022/2803/indicacao_no_02-2022_-_ver._walter_02.08_-_indica_e_requer_a_manutencao_da_estrada_no_assentamento_sonho_real.pdf", "ementa": "Indica e requer a manuten\u00e7\u00e3o da estrada no assentamento Sonho Real"}, {"id": "2804", "ano": "2022", "numero": "3", "tipo__sigla": "IND", "tipo__descricao": "Indica\u00e7\u00e3o", "autoria": "VIRGINIA BERNARDES", "texto_original": "http://sapl.cacu.go.leg.br/media/sapl/public/materialegislativa/2022/2804/indicacao_no_03-2022_-_ver._virginia_02.08_-_indica_e_requer_sejam_realizadas_cirurgias_bariatricas_pelo_poder_publico_municipal..pdf", "ementa": "Indica e requer sejam realizadas cirurgias bari\u00e1tricas pelo poder p\u00fablico municipal."}, {"id": "2805", "ano": "2022", "numero": "4", "tipo__sigla": "IND", "tipo__descricao": "Indica\u00e7\u00e3o", "autoria": "VIRGINIA BERNARDES", "texto_original": "http://sapl.cacu.go.leg.br/media/sapl/public/materialegislativa/2022/2805/indicacao_no_04-2022_-_ver._virginia_02.08_-_indica_e_requer_sejam_contratados_ou_disponibilizados_guardas_para_o_hospital_municipal_em_periodo_integral..pdf", "ementa": "Indica e requer sejam contratados ou disponibilizados guardas para o Hospital Municipal, em per\u00edodo integral."}, {"id": "2806", "ano": "2022", "numero": "5", "tipo__sigla": "IND", "tipo__descricao": "Indica\u00e7\u00e3o", "autoria": "VIRGINIA BERNARDES", "texto_original": "http://sapl.cacu.go.leg.br/media/sapl/public/materialegislativa/2022/2806/indicacao_no_05-2022_-_ver._virginia_02.08_-_indica_e_requer_seja_contratadoa_ou_disponibilizadoa_uma_recepcionista_para_o_hospital_municipal_no_periodo_apos_as_22_horas..pdf", "ementa": "Indica e requer seja contratado(a) ou disponibilizado(a) um(a) recepcionista para o Hospital Municipal, no per\u00edodo ap\u00f3s as 22 horas."}, {"id": "2807", "ano": "2022", "numero": "6", "tipo__sigla": "IND", "tipo__descricao": "Indica\u00e7\u00e3o", "autoria": "VIRGINIA BERNARDES", "texto_original": "http://sapl.cacu.go.leg.br/media/sapl/public/materialegislativa/2022/2807/indicacao_no_06-2022_-_ver._virginia_02.08_-_indica_e_requer_que_a_secretaria_de_saude_municipal_volte_ao_funcionamento_em_dois_periodos..pdf", "ementa": "Indica e requer que a Secretaria de Sa\u00fade Municipal volte ao funcionamento em dois per\u00edodos."}, {"id": "2884", "ano": "2022", "numero": "7", "tipo__sigla": "IND", "tipo__descricao": "Indica\u00e7\u00e3o", "autoria": "LAURECI LIMA", "texto_original": "http://sapl.cacu.go.leg.br/media/sapl/public/materialegislativa/2022/2884/indicacao_no_07-2022.pdf", "ementa": "Indica a instala\u00e7\u00e3o de bancos na entrada das escolas municipais."}, {"id": "2885", "ano": "2022", "numero": "8", "tipo__sigla": "IND", "tipo__descricao": "Indica\u00e7\u00e3o", "autoria": "KAK\u00c1 FERRAZ", "texto_original": "http://sapl.cacu.go.leg.br/media/sapl/public/materialegislativa/2022/2885/indicacao_no_08-2022.pdf", "ementa": "Indica a instala\u00e7\u00e3o de postes de ilumina\u00e7\u00e3o mais modernos."}, {"id": "2886", "ano": "2022", "numero": "9", "tipo__sigla": "IND", "tipo__descricao": "Indica\u00e7\u00e3o", "autoria": "VIRGINIA BERNARDES", "texto_original": "http://sapl.cacu.go.leg.br/media/sapl/public/materialegislativa/2022/2886/indicacao_no_09-2022.pdf", "ementa": "Indica a realiza\u00e7\u00e3o de poda nas \u00e1rvores do Bairro Santa Luzia."}, {"id": "2887", "ano": "2022", "numero": "10", "tipo__sigla": "IND", "tipo__descricao": "Indica\u00e7\u00e3o", "autoria": "LAURECI LIMA", "texto_original": "http://sapl.cacu.go.leg.br/media/sapl/public/materialegislativa/2022/2887/indicacao_no_10-2022.pdf", "ementa": "Indica a disponibiliza\u00e7\u00e3o ou constru\u00e7\u00e3o de sede pr\u00f3pria para a Secretaria Municipal de Sa\u00fade."}, {"id": "2888", "ano": "2022", "numero": "11", "tipo__sigla": "IND", "tipo__descricao": "Indica\u00e7\u00e3o", "autoria": "KAK\u00c1 FERRAZ", "texto_original": "http://sapl.cacu.go.leg.br/media/sapl/public/materialegislativa/2022/2888/indicacao_no_11-2022.pdf", "ementa": "Indica a revitaliza\u00e7\u00e3o da Avenida Idelfonso Carneiro, recapeando a via e ampliando a cal\u00e7ada."}, {"id": "2889", "ano": "2022", "numero": "12", "tipo__sigla": "IND", "tipo__descricao": "Indica\u00e7\u00e3o", "autoria": "VIRGINIA BERNARDES", "texto_original": "http://sapl.cacu.go.leg.br/media/sapl/public/materialegislativa/2022/2889/indicacao_no_12-2022.pdf", "ementa": "Indica a reforma da rodovi\u00e1ria Municipal de Ca\u00e7u."}, {"id": "2890", "ano": "2022", "numero": "13", "tipo__sigla": "IND", "tipo__descricao": "Indica\u00e7\u00e3o", "autoria": "LAURECI LIMA", "texto_original": "http://sapl.cacu.go.leg.br/media/sapl/public/materialegislativa/2022/2890/indicacao_no_13-2022_-_indica_a_disponibilizacao_ou_construcao_de_sede_propria_ao_centro_de_referencia_de_assistencia_social_-_cras..pdf", "ementa": "Indica a disponibiliza\u00e7\u00e3o ou constru\u00e7\u00e3o de sede pr\u00f3pria ao Centro de Refer\u00eancia de Assist\u00eancia Social - CRAS."}, {"id": "2891", "ano": "2022", "numero": "14", "tipo__sigla": "IND", "tipo__descricao": "Indica\u00e7\u00e3o", "autoria": "KAK\u00c1 FERRAZ", "texto_original": "http://sapl.cacu.go.leg.br/media/sapl/public/materialegislativa/2022/2891/indicacao_no_14-2022.pdf", "ementa": "Indica a perfura\u00e7\u00e3o de po\u00e7os artesianos em todos os assentamentos que est\u00e3o com dificuldade no abastecimento de \u00e1gua."}, {"id": "2892", "ano": "2022", "numero": "15", "tipo__sigla": "IND", "tipo__descricao": "Indica\u00e7\u00e3o", "autoria": "LAURECI LIMA", "texto_original": "http://sapl.cacu.go.leg.br/media/sapl/public/materialegislativa/2022/2892/indicacao_no_15-2022.pdf", "ementa": "Indica a instala\u00e7\u00e3o de meio fio no setor Vale do Sol, especificamente nas proximidades da oficina do Maurino."}, {"id": "2893", "ano": "2022", "numero": "16", "tipo__sigla": "IND", "tipo__descricao": "Indica\u00e7\u00e3o", "autoria": "KAK\u00c1 FERRAZ", "texto_original": "http://sapl.cacu.go.leg.br/media/sapl/public/materialegislativa/2022/2893/indicacao_no_16-2022.pdf", "ementa": "Indica a cria\u00e7\u00e3o da campanha Ca\u00e7u mais arborizado, criando incentivos aos moradores para plantarem arvores em suas resid\u00eancias e lotes."}, {"id": "2897", "ano": "2022", "numero": "17", "tipo__sigla": "IND", "tipo__descricao": "Indica\u00e7\u00e3o", "autoria": "ORLANDO OLIVEIRA", "texto_original": "http://sapl.cacu.go.leg.br/media/sapl/public/materialegislativa/2022/2897/indicacao_no_17-2022_-_indica_a_sinalizacao_das_ruas_de_cacu.pdf", "ementa": "Indica a sinaliza\u00e7\u00e3o das ruas de Ca\u00e7u"}, {"id": "2744", "ano": "2022", "numero": "1", "tipo__sigla": "PDL", "tipo__descricao": "Projeto de Decreto Legislativo", "autoria": "WALTER JUNIOR", "texto_original": "http://sapl.cacu.go.leg.br/media/sapl/public/materialegislativa/2022/2744/pdl_no_01-2022_-_confere_mocao_de_aplausos_a_flavio_raimundo_borges_e_da_outras_providencias.pdf", "ementa": "Confere Mo\u00e7\u00e3o de Aplausos a Fl\u00e1vio Raimundo Borges e d\u00e1 outras provid\u00eancias."}, {"id": "2745", "ano": "2022", "numero": "2", "tipo__sigla": "PDL", "tipo__descricao": "Projeto de Decreto Legislativo", "autoria": "WALTER JUNIOR", "texto_original": "http://sapl.cacu.go.leg.br/media/sapl/public/materialegislativa/2022/2745/pdl_no_02-2022_-_confere_mocao_de_aplausos_a_andre_luiz_de_carvalho.pdf", "ementa": "Confere Mo\u00e7\u00e3o de Aplausos a Andr\u00e9 Luiz de Carvalho e d\u00e1 outras provid\u00eancias"}, {"id": "2749", "ano": "2022", "numero": "3", "tipo__sigla": "PDL", "tipo__descricao": "Projeto de Decreto Legislativo", "autoria": "WALTER JUNIOR, ZILDERLEI NUNES", "texto_original": "http://sapl.cacu.go.leg.br/media/sapl/public/materialegislativa/2022/2749/pdl_no_03-2022_-_mocao_de_aplausos_a_gustavo_mendanha.pdf", "ementa": "Confere Mo\u00e7\u00e3o de Aplausos a Gustavo Mendanha e da outras provid\u00eancias."}, {"id": "2766", "ano": "2022", "numero": "4", "tipo__sigla": "PDL", "tipo__descricao": "Projeto de Decreto Legislativo", "autoria": "WALTER JUNIOR, DALVINA IZABEL, UBALDINO CARDOSO, ZILDERLEI NUNES", "texto_original": "http://sapl.cacu.go.leg.br/media/sapl/public/materialegislativa/2022/2766/pdl_no_04-2022_-_dispoe_sobre_a_elaboracao_redacao_e_alteracao_dos_atos_normativos_de_autoria_do_legislativo_e_consolidacao_das_leis.pdf", "ementa": "Disp\u00f5e sobre a elabora\u00e7\u00e3o, reda\u00e7\u00e3o, e altera\u00e7\u00e3o dos atos normativos de autoria do Legislativo Municipal e consolida\u00e7\u00e3o das Leis do munic\u00edpio de Ca\u00e7u, e d\u00e1 outras provid\u00eancias."}, {"id": "2848", "ano": "2022", "numero": "5", "tipo__sigla": "PDL", "tipo__descricao": "Projeto de Decreto Legislativo", "autoria": "CFO - Comiss\u00e3o de Finan\u00e7as e Or\u00e7amento", "texto_original": "http://sapl.cacu.go.leg.br/media/sapl/public/materialegislativa/2022/2848/pdl_no_5-2022_-_comissao_de_financas_e_orcamento_-_aprova_o_balanco_geral_da_prefeitura_2019.pdf", "ementa": "Aprova o Balan\u00e7o Geral da Prefeitura Municipal de Ca\u00e7u referente ao Exerc\u00edcio de 2019."}, {"id": "2856", "ano": "2022", "numero": "6", "tipo__sigla": "PDL", "tipo__descricao": "Projeto de Decreto Legislativo", "autoria": "", "texto_original": "http://sapl.cacu.go.leg.br/media/sapl/public/materialegislativa/2022/2856/pdl_no_06-2022_-_concede_titulo_honorifico_aos_ex-presidentes_da_camara_municipal_de_cacu.pdf", "ementa": "Concede T\u00edtulo Honor\u00edfico aos Ex-Presidentes da C\u00e2mara Municipal de Ca\u00e7u, e d\u00e1 outras provid\u00eancias."}, {"id": "2866", "ano": "2022", "numero": "7", "tipo__sigla": "PDL", "tipo__descricao": "Projeto de Decreto Legislativo", "autoria": "KAK\u00c1 FERRAZ", "texto_original": "http://sapl.cacu.go.leg.br/media/sapl/public/materialegislativa/2022/2866/pdl_no_07-2022_-_confere_titulo_de_cidadao_honorario_de_cacu-go_a_glauskston_batista_rios.pdf", "ementa": "Confere T\u00edtulo de Cidad\u00e3o Honor\u00e1rio de Ca\u00e7u-GO, a Glauskston Batista Rios, e d\u00e1 outras provid\u00eancias."}, {"id": "2870", "ano": "2022", "numero": "8", "tipo__sigla": "PDL", "tipo__descricao": "Projeto de Decreto Legislativo", "autoria": "WALTER JUNIOR, ALEX PARREIRA", "texto_original": "http://sapl.cacu.go.leg.br/media/sapl/public/materialegislativa/2022/2870/pdl_no_08-2022_-_confere_mocao_de_aplausos_a_olindina_tavares_da_silva_e_da_outras_providencias.pdf", "ementa": "Confere Mo\u00e7\u00e3o de aplausos a Olindina Tavares da Silva, e d\u00e1 outras provid\u00eancias."}, {"id": "2876", "ano": "2022", "numero": "1", "tipo__sigla": "PLC", "tipo__descricao": "Projeto de Lei Complementar", "autoria": "Chefe do Poder Executivo", "texto_original": "http://sapl.cacu.go.leg.br/media/sapl/public/materialegislativa/2022/2876/projeto_de_lei_complementar_no_01-2022.pdf", "ementa": "Reformula o Regime Pr\u00f3prio de Previd\u00eancia Social-RPPS do munic\u00edpio de Ca\u00e7u-GO, e d\u00e1 outras provid\u00eancias."}, {"id": "2684", "ano": "2022", "numero": "1", "tipo__sigla": "PLO", "tipo__descricao": "Projeto de Lei Ordin\u00e1ria", "autoria": "Chefe do Poder Executivo", "texto_original": "http://sapl.cacu.go.leg.br/media/sapl/public/materialegislativa/2022/2684/pl_no_01-2022_-_concede_revisao_geral_de_salario_aos_servidores_publicos....pdf", "ementa": "Concede revis\u00e3o geral de sal\u00e1rio aos Servidores P\u00fablicos ativos, inativos e pensionistas, aos Agentes Pol\u00edticos dos Poderes Executivo e Legislativo, aos Conselheiros Tutelares do Munic\u00edpio de Ca\u00e7u/GO, aos servidores do Instituto Municipal de Previd\u00eancia dos Servidores de Ca\u00e7u - CA\u00c7UPREV, e d\u00e1 outras provid\u00eancias."}, {"id": "2688", "ano": "2022", "numero": "2", "tipo__sigla": "PLO", "tipo__descricao": "Projeto de Lei Ordin\u00e1ria", "autoria": "Chefe do Poder Executivo", "texto_original": "http://sapl.cacu.go.leg.br/media/sapl/public/materialegislativa/2022/2688/projeto_de_lei_02-202201022022.pdf", "ementa": "Autoriza o Poder Executivo Municipal a realizar contribui\u00e7\u00e3o financeira \u00e0 Associa\u00e7\u00e3o Ca\u00e7uence de Handebol \"ASCAH\", e d\u00e1 outras provid\u00eancias."}, {"id": "2689", "ano": "2022", "numero": "3", "tipo__sigla": "PLO", "tipo__descricao": "Projeto de Lei Ordin\u00e1ria", "autoria": "Chefe do Poder Executivo", "texto_original": "http://sapl.cacu.go.leg.br/media/sapl/public/materialegislativa/2022/2689/projeto_de_lei_03-202203022022.pdf", "ementa": "Altera o artigo 1\u00ba da Lei n\u00ba 2072/17, de 07 de mar\u00e7o de 2017, e d\u00e1 outras provid\u00eancias."}, {"id": "2695", "ano": "2022", "numero": "4", "tipo__sigla": "PLO", "tipo__descricao": "Projeto de Lei Ordin\u00e1ria", "autoria": "", "texto_original": "http://sapl.cacu.go.leg.br/media/sapl/public/materialegislativa/2022/2695/pl_no_04-2022_-_dispoe_sobre_autorizacao_de_desconto_de_38_do_valor_do_itu_e_iptu.pdf", "ementa": "Disp\u00f5e sobre autoriza\u00e7\u00e3o de desconto de 38% (trinta e oito por cento) do valor do ITU e IPTU, para pagamento at\u00e9 o vencimento (29/07/2022) e d\u00e1 outras provid\u00eancias"}, {"id": "2702", "ano": "2022", "numero": "5", "tipo__sigla": "PLO", "tipo__descricao": "Projeto de Lei Ordin\u00e1ria", "autoria": "Chefe do Poder Executivo", "texto_original": "http://sapl.cacu.go.leg.br/media/sapl/public/materialegislativa/2022/2702/pl_no_05-2022_-_institui_fundo_municipal_de_educacao_e_da_outras_providencias..pdf", "ementa": "Institui Fundo Municipal de Educa\u00e7\u00e3o e d\u00e1 outras provid\u00eancias."}, {"id": "2711", "ano": "2022", "numero": "6", "tipo__sigla": "PLO", "tipo__descricao": "Projeto de Lei Ordin\u00e1ria", "autoria": "Chefe do Poder Executivo", "texto_original": "http://sapl.cacu.go.leg.br/media/sapl/public/materialegislativa/2022/2711/pl_no_06-2022_-_autoriza_o_p.e._a_fazer_concessao_de_direito_real_de_uso_de_area_para_a_academia_performance_de_cacu.pdf", "ementa": "Autoriza o Poder Executivo Municipal a fazer Concess\u00e3o de Direito Real de Uso da \u00e1rea do lote n\u00ba 01 da Qd. \"B\", da AV-2 da matr\u00edcula n\u00ba 7.440, do Livro 2 do CRI local, para a empresa ACADEMIA PERFORMANCE DE CA\u00c7U LTDA., e d\u00e1 outras provid\u00eancias."}, {"id": "2712", "ano": "2022", "numero": "7", "tipo__sigla": "PLO", "tipo__descricao": "Projeto de Lei Ordin\u00e1ria", "autoria": "Chefe do Poder Executivo", "texto_original": "http://sapl.cacu.go.leg.br/media/sapl/public/materialegislativa/2022/2712/pl_no_07-2022_-_declara_utilidade_publica_a_associacao_sos_quatro_patas_e_da_outras_providencias.pdf", "ementa": "Declara de utilidade p\u00fablica a Associa\u00e7\u00e3o \"SOS QUATRO PATAS\" e d\u00e1 outras provid\u00eancias."}, {"id": "2721", "ano": "2022", "numero": "8", "tipo__sigla": "PLO", "tipo__descricao": "Projeto de Lei Ordin\u00e1ria", "autoria": "Chefe do Poder Executivo", "texto_original": "http://sapl.cacu.go.leg.br/media/sapl/public/materialegislativa/2022/2721/pl_no_08-2022_-_dispoe_sobre_modificacoes_no_ambito_do_instituto_de_previdencia_municipal_dos_servidores_de_cacu.pdf", "ementa": "Disp\u00f5e sobre modifica\u00e7\u00f5es no \u00e2mbito do Instituto de Previd\u00eancia Municipal do Servidores de Ca\u00e7u - CA\u00c7UPREV, e d\u00e1 outras provid\u00eancias"}, {"id": "2722", "ano": "2022", "numero": "9", "tipo__sigla": "PLO", "tipo__descricao": "Projeto de Lei Ordin\u00e1ria", "autoria": "ZILDERLEI NUNES", "texto_original": "http://sapl.cacu.go.leg.br/media/sapl/public/materialegislativa/2022/2722/pl_no_09-2022_-_dispoe_sobre_a_obrigatoriedade_de_identificacao_externa_nos_veiculos_de_propriedade_ou_a_servico_da_adm.pdf", "ementa": "Disp\u00f5e sobre a obrigatoriedade de identifica\u00e7\u00e3o externa nos ve\u00edculos de propriedade ou a servi\u00e7o da Administra\u00e7\u00e3o P\u00fablica Municipal, e d\u00e1 outras provid\u00eancias."}, {"id": "2723", "ano": "2022", "numero": "10", "tipo__sigla": "PLO", "tipo__descricao": "Projeto de Lei Ordin\u00e1ria", "autoria": "DALVINA IZABEL", "texto_original": "http://sapl.cacu.go.leg.br/media/sapl/public/materialegislativa/2022/2723/pl_no_10-2022_-_da_nome_de_pedro_alves_de_carvalho_a_rodovia_municipal_caw-16_e_da_outras_providencias.pdf", "ementa": "D\u00e1 nome de Pedro Alves de Carvalho \u00e0 Rodovia Municipal CAW-16, e d\u00e1 outras providencias"}, {"id": "2724", "ano": "2022", "numero": "11", "tipo__sigla": "PLO", "tipo__descricao": "Projeto de Lei Ordin\u00e1ria", "autoria": "UBALDINO CARDOSO", "texto_original": "http://sapl.cacu.go.leg.br/media/sapl/public/materialegislativa/2022/2724/pl_no_11-2022_-_dispoe_sobre_desmembramentos_de_lotes.pdf", "ementa": "Disp\u00f5e sobre desmembramentos de lotes na Cidade de Ca\u00e7u, e d\u00e1 outras provid\u00eancias."}, {"id": "2725", "ano": "2022", "numero": "12", "tipo__sigla": "PLO", "tipo__descricao": "Projeto de Lei Ordin\u00e1ria", "autoria": "WALTER JUNIOR", "texto_original": "http://sapl.cacu.go.leg.br/media/sapl/public/materialegislativa/2022/2725/pl_no_12-2022_-_reconhece_o_risco_da_atividade_de_colecionador_cacador_e_atirador_desportivo_e....pdf", "ementa": "Reconhece o risco da atividade de colecionador, ca\u00e7ador e atirador desportivo e estabelece o dia 3 de agosto como dia municipal dos colecionadores, atiradores e ca\u00e7adores - CAC's, neste Munic\u00edpio."}, {"id": "2726", "ano": "2022", "numero": "13", "tipo__sigla": "PLO", "tipo__descricao": "Projeto de Lei Ordin\u00e1ria", "autoria": "VIRGINIA BERNARDES", "texto_original": "http://sapl.cacu.go.leg.br/media/sapl/public/materialegislativa/2022/2726/pl_no_13-2022_-_proibe_no_ambito_deste_municipio_a_inauguracao_de_obra_publica_nao_concluida.pdf", "ementa": "Proibe no \u00e2mbito deste munic\u00edpio, a inaugura\u00e7\u00e3o de obra p\u00fablica n\u00e3o conclu\u00edda, e d\u00e1 outras provid\u00eancias."}, {"id": "2727", "ano": "2022", "numero": "14", "tipo__sigla": "PLO", "tipo__descricao": "Projeto de Lei Ordin\u00e1ria", "autoria": "VIRGINIA BERNARDES", "texto_original": "http://sapl.cacu.go.leg.br/media/sapl/public/materialegislativa/2022/2727/pl_no_14-2022_-_dispoe_sobre_a_obigacao_de_divulgacao_de_dados_dos_conselhos_municipais.pdf", "ementa": "Disp\u00f5e sobre a obriga\u00e7\u00e3o dos dados dos Conselhos Municipais na p\u00e1gina oficial e redes sociais da Prefeitura Municipal na internet, e d\u00e1 outras provid\u00eancias."}, {"id": "2728", "ano": "2022", "numero": "15", "tipo__sigla": "PLO", "tipo__descricao": "Projeto de Lei Ordin\u00e1ria", "autoria": "Chefe do Poder Executivo", "texto_original": "http://sapl.cacu.go.leg.br/media/sapl/public/materialegislativa/2022/2728/pl_no_15-2022_-_autoriza_o_poder_executivo_municipal_a_fazer_doacao_de_bem_imovel_dominial....pdf", "ementa": "Autoriza o Poder Executivo Municipal, a fazer doa\u00e7\u00e3o de bem im\u00f3vel dominial, atrav\u00e9s de escritura p\u00fablica \u00e0 pessoa que especifica e d\u00e1 outras provid\u00eancias."}, {"id": "2729", "ano": "2022", "numero": "16", "tipo__sigla": "PLO", "tipo__descricao": "Projeto de Lei Ordin\u00e1ria", "autoria": "Chefe do Poder Executivo", "texto_original": "http://sapl.cacu.go.leg.br/media/sapl/public/materialegislativa/2022/2729/pl_no_16-2022_-_implanta_e_regulamenta_a_concessao_dos_beneficios_eventuais_da_politica_de_assistencia_social_e_da_outras_providencias..pdf", "ementa": "Implanta e regulamenta a concess\u00e3o dos benef\u00edcios eventuais da pol\u00edtica de assist\u00eancia social e d\u00e1 outras provid\u00eancias."}, {"id": "2730", "ano": "2022", "numero": "17", "tipo__sigla": "PLO", "tipo__descricao": "Projeto de Lei Ordin\u00e1ria", "autoria": "Chefe do Poder Executivo", "texto_original": "http://sapl.cacu.go.leg.br/media/sapl/public/materialegislativa/2022/2730/pl_no_17-2022__-_altera_a_redacao_do_art._20_e_acresce_os__1o_e_2o_da_lei_municipal_no_2.351-2020.pdf", "ementa": "Altera a reda\u00e7\u00e3o do Art. 20 e acresce os \u00a7\u00a7 1\u00ba e 2\u00ba, da Lei municipal n\u00ba 2.351/2020, de 18 de junho de 2020, e d\u00e1 outras provid\u00eancias."}, {"id": "2731", "ano": "2022", "numero": "18", "tipo__sigla": "PLO", "tipo__descricao": "Projeto de Lei Ordin\u00e1ria", "autoria": "Chefe do Poder Executivo", "texto_original": "http://sapl.cacu.go.leg.br/media/sapl/public/materialegislativa/2022/2731/pl_no_18-2022_-_dispoe_sobre_abertura_de_credito_especial_e_da_outras_providencias.pdf", "ementa": "Disp\u00f5e sobre abertura de cr\u00e9dito especial e d\u00e1 outras provid\u00eancias."}, {"id": "2732", "ano": "2022", "numero": "19", "tipo__sigla": "PLO", "tipo__descricao": "Projeto de Lei Ordin\u00e1ria", "autoria": "Chefe do Poder Executivo", "texto_original": "http://sapl.cacu.go.leg.br/media/sapl/public/materialegislativa/2022/2732/pl_no_19-2022_-_dispoe_sobre_a_politica_publica_de_assistencia_social_do_municipio_de_cacu.pdf", "ementa": "Disp\u00f5e sobre a Pol\u00edtica P\u00fablica de Assist\u00eancia Social do Munic\u00edpio de Ca\u00e7u, Estado de Goi\u00e1s e d\u00e1 outras provid\u00eancias, de autoria do Poder Executivo"}, {"id": "2741", "ano": "2022", "numero": "20", "tipo__sigla": "PLO", "tipo__descricao": "Projeto de Lei Ordin\u00e1ria", "autoria": "DALVINA IZABEL", "texto_original": "http://sapl.cacu.go.leg.br/media/sapl/public/materialegislativa/2022/2741/pl_no_20-2022_-_da_nome_de_joao_alves_de_carvalho_ao_loteamento_municipal_bandeirantes.pdf", "ementa": "D\u00e1 nome de Jo\u00e3o Alves de Carvalho ao Loteamento Municipal Bandeirantes e d\u00e1 outras provid\u00eancias."}, {"id": "2742", "ano": "2022", "numero": "21", "tipo__sigla": "PLO", "tipo__descricao": "Projeto de Lei Ordin\u00e1ria", "autoria": "", "texto_original": "http://sapl.cacu.go.leg.br/media/sapl/public/materialegislativa/2022/2742/pl_no_21-2022_-_cria_cargos_no_anexo_i_altera_os_anexos_ii_iii_e_iv_e_acrescenta_artigos_e_incisos_no_capitulo_v_da_lei_municipal_no_1.952.pdf", "ementa": "Cria cargos no Anexo I, altera os Anexos II, III e IV e acrescenta artigos e incisos no Cap\u00edtulo V da Lei Municipal n\u00ba 1.952, de 07 de novembro de 2014 e d\u00e1 outras provid\u00eancias."}, {"id": "2743", "ano": "2022", "numero": "22", "tipo__sigla": "PLO", "tipo__descricao": "Projeto de Lei Ordin\u00e1ria", "autoria": "Chefe do Poder Executivo", "texto_original": "http://sapl.cacu.go.leg.br/media/sapl/public/materialegislativa/2022/2743/pl_no_22-2022_-_dispoe_sobre_as_diretrizes_orcamentarias_para_o_exercicio_de_2023_e_da_outras_providencias.pdf", "ementa": "Disp\u00f5e sobre as diretrizes or\u00e7ament\u00e1rias para o exerc\u00edcio de 2023 e d\u00e1 outras provid\u00eancias."}, {"id": "2746", "ano": "2022", "numero": "23", "tipo__sigla": "PLO", "tipo__descricao": "Projeto de Lei Ordin\u00e1ria", "autoria": "Chefe do Poder Executivo", "texto_original": "http://sapl.cacu.go.leg.br/media/sapl/public/materialegislativa/2022/2746/pl_no_23-2022_-_dispoe_sobre_a_adequacao_da_remuneracao_minima_da_classe_docente....pdf", "ementa": "Disp\u00f5e sobre a adequa\u00e7\u00e3o da remunera\u00e7\u00e3o m\u00ednima da classe docente do quadro do magist\u00e9rio da educa\u00e7\u00e3o b\u00e1sica ao Piso Salarial Professional Nacional do Magist\u00e9rio P\u00fablico da Educa\u00e7\u00e3o B\u00e1sica e d\u00e1 outras provid\u00eancias."}, {"id": "2747", "ano": "2022", "numero": "24", "tipo__sigla": "PLO", "tipo__descricao": "Projeto de Lei Ordin\u00e1ria", "autoria": "Chefe do Poder Executivo", "texto_original": "http://sapl.cacu.go.leg.br/media/sapl/public/materialegislativa/2022/2747/pl_no_24-2022_-_concede_reajuste_de_vencimentos_a_classe_docente_do_quadro_do_magisterio.pdf", "ementa": "Concede reajuste de vencimentos \u00e0 classe docente do quadro do magist\u00e9rio da Educa\u00e7\u00e3o P\u00fablica Municipal e fixa a remunera\u00e7\u00e3o m\u00ednima para os profissionais da Educa\u00e7\u00e3o B\u00e1sica e d\u00e1 outras provid\u00eancias."}, {"id": "2748", "ano": "2022", "numero": "25", "tipo__sigla": "PLO", "tipo__descricao": "Projeto de Lei Ordin\u00e1ria", "autoria": "ORLANDO OLIVEIRA, WALTER JUNIOR", "texto_original": "http://sapl.cacu.go.leg.br/media/sapl/public/materialegislativa/2022/2748/pl_no_25-2022_-_da_nome_de_rui_alves_martins_ao_loteamento_jardim_agua_fria_desta_cidade.pdf", "ementa": "Da nome de Rui Alves Martins ao Loteamento Jardim \u00c1gua Fria desta Cidade e d\u00e1 outras provid\u00eancias."}, {"id": "2763", "ano": "2022", "numero": "26", "tipo__sigla": "PLO", "tipo__descricao": "Projeto de Lei Ordin\u00e1ria", "autoria": "Chefe do Poder Executivo", "texto_original": "http://sapl.cacu.go.leg.br/media/sapl/public/materialegislativa/2022/2763/pl_no_26-2022_-_autoriza_o_p.e._a_fornecer_uniforme_escolar_aos_alunos_da_escola_militarizada.pdf", "ementa": "Autoriza o Poder Executivo Municipal a fornecer uniforme escolar aos alunos da Escola Municipal C\u00edvico Militarizada \"Mariano de Santos Olombrada\" e d\u00e1 outras provid\u00eancias."}, {"id": "2764", "ano": "2022", "numero": "27", "tipo__sigla": "PLO", "tipo__descricao": "Projeto de Lei Ordin\u00e1ria", "autoria": "ORLANDO OLIVEIRA, DALVINA IZABEL, WALTER JUNIOR, ZILDERLEI NUNES", "texto_original": "http://sapl.cacu.go.leg.br/media/sapl/public/materialegislativa/2022/2764/pl_no_27-2022_-_da_nome_de_residencial_noe__guimaraes_ao_loteamento_conjunto_habitacional_alcacuz.pdf", "ementa": "D\u00e1 nome de \"No\u00e9 Nunes Guimar\u00e3es\" ao loteamento Conjunto Habitacional Alca\u00e7uz desta Cidade e d\u00e1 outras provid\u00eancias."}, {"id": "2765", "ano": "2022", "numero": "28", "tipo__sigla": "PLO", "tipo__descricao": "Projeto de Lei Ordin\u00e1ria", "autoria": "Chefe do Poder Executivo", "texto_original": "http://sapl.cacu.go.leg.br/media/sapl/public/materialegislativa/2022/2765/pl_no_28-2022_-_altera_a_lei_no_2440-2022.pdf", "ementa": "Altera lei n\u00ba 2440/2022 de 28 de Abril de 2022 e d\u00e1 outras provid\u00eancias."}, {"id": "2767", "ano": "2022", "numero": "29", "tipo__sigla": "PLO", "tipo__descricao": "Projeto de Lei Ordin\u00e1ria", "autoria": "Chefe do Poder Executivo", "texto_original": "http://sapl.cacu.go.leg.br/media/sapl/public/materialegislativa/2022/2767/pl_no_29-2022_-_dispoe_sobre_o_conselho_municipal_de_assistencia_social.pdf", "ementa": "Disp\u00f5e sobre o Conselho Municipal de Assist\u00eancia Social e d\u00e1 outras provid\u00eancias."}, {"id": "2781", "ano": "2022", "numero": "30", "tipo__sigla": "PLO", "tipo__descricao": "Projeto de Lei Ordin\u00e1ria", "autoria": "Chefe do Poder Executivo", "texto_original": "http://sapl.cacu.go.leg.br/media/sapl/public/materialegislativa/2022/2781/pl_no_30-2022_-_altera_a_lei_no_2440-2022.pdf", "ementa": "Altera a Lei n\u00ba 2.440/2022, de 28 de abril de 2022 e d\u00e1 outras provid\u00eancias."}, {"id": "2786", "ano": "2022", "numero": "31", "tipo__sigla": "PLO", "tipo__descricao": "Projeto de Lei Ordin\u00e1ria", "autoria": "", "texto_original": "http://sapl.cacu.go.leg.br/media/sapl/public/materialegislativa/2022/2786/pl_no_31-2022_-_autoriza_o_municipio_de_cacu_a_celebrar_convencio_para_cessao_de_servicos_publicos....pdf", "ementa": "Autoriza o Munic\u00edpio de Ca\u00e7u a celebrar conv\u00eanio para cess\u00e3o de servidores p\u00fablicos municipais efetivos na condi\u00e7\u00e3o de cedente, e de cession\u00e1rio e d\u00e1 outras provid\u00eancias."}, {"id": "2787", "ano": "2022", "numero": "32", "tipo__sigla": "PLO", "tipo__descricao": "Projeto de Lei Ordin\u00e1ria", "autoria": "Chefe do Poder Executivo", "texto_original": "http://sapl.cacu.go.leg.br/media/sapl/public/materialegislativa/2022/2787/pl_no_32-2022_-_autoriza_o_poder_executivo_municipal_a_realizar_contribuicao_financeira_aos_romeiros_ciclitas.pdf", "ementa": "Autoriza o Poder Executivo Municipal a realizar contribui\u00e7\u00e3o financeira aos romeiros ciclistas da cidade de Ca\u00e7u/GO, e d\u00e1 outras provid\u00eancias."}, {"id": "2789", "ano": "2022", "numero": "33", "tipo__sigla": "PLO", "tipo__descricao": "Projeto de Lei Ordin\u00e1ria", "autoria": "DALVINA IZABEL", "texto_original": "http://sapl.cacu.go.leg.br/media/sapl/public/materialegislativa/2022/2789/pl_no_33-2022_-_dispoe_sobre_desmembramentos_de_lotes_na_cidade_de_cacu_e_da_outras_providencias.pdf", "ementa": "Disp\u00f5e sobre desmembramentos de lotes na cidade de Ca\u00e7u, e d\u00e1 outras provid\u00eancias."}, {"id": "2790", "ano": "2022", "numero": "34", "tipo__sigla": "PLO", "tipo__descricao": "Projeto de Lei Ordin\u00e1ria", "autoria": "Chefe do Poder Executivo", "texto_original": "http://sapl.cacu.go.leg.br/media/sapl/public/materialegislativa/2022/2790/projeto_de_lei_34-202228072022.pdf", "ementa": "Autoriza o munic\u00edpio de Ca\u00e7u a celebrar conv\u00eanio para cess\u00e3o de servidores p\u00fablicos municipais efetivos na condi\u00e7\u00e3o de cedente e de cession\u00e1rio e d\u00e1 outras provid\u00eancias."}, {"id": "2791", "ano": "2022", "numero": "35", "tipo__sigla": "PLO", "tipo__descricao": "Projeto de Lei Ordin\u00e1ria", "autoria": "Chefe do Poder Executivo", "texto_original": "http://sapl.cacu.go.leg.br/media/sapl/public/materialegislativa/2022/2791/projeto_de_lei_35-202228072022.pdf", "ementa": "Regulamenta a fixa\u00e7\u00e3o do piso nacional de agentes comunit\u00e1rios de sa\u00fade e dos agentes de combate \u00e0s endemias nos termos da Emenda Constitucional n\u00ba 120/2022, e d\u00e1 outras provid\u00eancias."}, {"id": "2792", "ano": "2022", "numero": "36", "tipo__sigla": "PLO", "tipo__descricao": "Projeto de Lei Ordin\u00e1ria", "autoria": "VIRGINIA BERNARDES", "texto_original": "http://sapl.cacu.go.leg.br/media/sapl/public/materialegislativa/2022/2792/projeto_de_lei_3629072022.pdf", "ementa": "Disp\u00f5e sobre a divulga\u00e7\u00e3o da rela\u00e7\u00e3o dos medicamentos dispon\u00edveis e indispon\u00edveis na rede p\u00fablica municipal de sa\u00fade do Munic\u00edpio."}, {"id": "2793", "ano": "2022", "numero": "37", "tipo__sigla": "PLO", "tipo__descricao": "Projeto de Lei Ordin\u00e1ria", "autoria": "VIRGINIA BERNARDES, ZILDERLEI NUNES", "texto_original": "http://sapl.cacu.go.leg.br/media/sapl/public/materialegislativa/2022/2793/projeto_de_lei_3729072022.pdf", "ementa": "Disp\u00f5e sobre a implementa\u00e7\u00e3o e identifica\u00e7\u00e3o de brinquedos adaptados para crian\u00e7as com defici\u00eancia, inclusive visual, ou com mobilidade reduzida em espa\u00e7os p\u00fablicos municipais do Munic\u00edpio."}, {"id": "2794", "ano": "2022", "numero": "38", "tipo__sigla": "PLO", "tipo__descricao": "Projeto de Lei Ordin\u00e1ria", "autoria": "VIRGINIA BERNARDES", "texto_original": "http://sapl.cacu.go.leg.br/media/sapl/public/materialegislativa/2022/2794/pl_no_38-2022_-_altera_a_lei_municipal_no_2.089-17_de_21_de_junho_de_2017_e_da_outras_providencias.pdf", "ementa": "Altera a Lei Municipal n\u00ba 2.089-17, de 21 de junho de 2017 e d\u00e1 outras provid\u00eancias"}, {"id": "2808", "ano": "2022", "numero": "39", "tipo__sigla": "PLO", "tipo__descricao": "Projeto de Lei Ordin\u00e1ria", "autoria": "Chefe do Poder Executivo", "texto_original": "http://sapl.cacu.go.leg.br/media/sapl/public/materialegislativa/2022/2808/pl_no_39-2022_-_autoriza_o_poder_executivo_municipal_a_realizar_diversos_servicos_ao_sindicato_rural....pdf", "ementa": "Autoriza o Poder Executivo Municipal a realizar diversos servi\u00e7os ao \"SINDICATO RURAL DE CA\u00c7U\" e a realizar o transporte de artistas e visitantes e a cess\u00e3o de m\u00e1quinas e implementos e servidores, por ocasi\u00e3o da realiza\u00e7\u00e3o da \"EXPOCA\u00c7U 2022\" e d\u00e1 outras provid\u00eancias."}, {"id": "2809", "ano": "2022", "numero": "40", "tipo__sigla": "PLO", "tipo__descricao": "Projeto de Lei Ordin\u00e1ria", "autoria": "Chefe do Poder Executivo", "texto_original": "http://sapl.cacu.go.leg.br/media/sapl/public/materialegislativa/2022/2809/pl_no_40-2022_-_altera_a_redacao_dos__1o_2o_e_3o_do_art._2o_da_lei_no_2.432-2022_e_da_outras_providencias..pdf", "ementa": "Altera a reda\u00e7\u00e3o dos \u00a7\u00a7 1\u00ba, 2\u00ba e 3\u00ba, do art. 2\u00ba da Lei n\u00ba 2.432-2022, e d\u00e1 outras provid\u00eancias."}, {"id": "2810", "ano": "2022", "numero": "41", "tipo__sigla": "PLO", "tipo__descricao": "Projeto de Lei Ordin\u00e1ria", "autoria": "Chefe do Poder Executivo", "texto_original": "http://sapl.cacu.go.leg.br/media/sapl/public/materialegislativa/2022/2810/pl_no_41-2022_-_institui_o_fundo_municipal_dos_direitos_da_pessoa_idosa_do_municipio_de_cacu....pdf", "ementa": "Institui o Fundo Municipal dos Direitos da Pessoa Idosa do Munic\u00edpio de Ca\u00e7u, Estado de Goi\u00e1s, e d\u00e1 outras provid\u00eancias."}, {"id": "2811", "ano": "2022", "numero": "42", "tipo__sigla": "PLO", "tipo__descricao": "Projeto de Lei Ordin\u00e1ria", "autoria": "Chefe do Poder Executivo", "texto_original": "http://sapl.cacu.go.leg.br/media/sapl/public/materialegislativa/2022/2811/pl_no_42-2022_-_dispoe_sobre_a_adequacao_da_remuneracao_ao_teto_do_cargo_de_auxiliar_de_consultorio_dentario_acd.pdf", "ementa": "Disp\u00f5e sobre a adequa\u00e7\u00e3o da remunera\u00e7\u00e3o ao teto salarial do cargo de Auxiliar de Consult\u00f3rio Dent\u00e1rio (ACD), e d\u00e1 outras provid\u00eancias."}, {"id": "2812", "ano": "2022", "numero": "43", "tipo__sigla": "PLO", "tipo__descricao": "Projeto de Lei Ordin\u00e1ria", "autoria": "Chefe do Poder Executivo", "texto_original": "http://sapl.cacu.go.leg.br/media/sapl/public/materialegislativa/2022/2812/pl_no_43_-_substituicao_-_loa.pdf", "ementa": "Estima a receita e fixa a despesa do Munic\u00edpio, para o exerc\u00edcio de 2023"}, {"id": "2813", "ano": "2022", "numero": "44", "tipo__sigla": "PLO", "tipo__descricao": "Projeto de Lei Ordin\u00e1ria", "autoria": "Chefe do Poder Executivo", "texto_original": "http://sapl.cacu.go.leg.br/media/sapl/public/materialegislativa/2022/2813/pl_no_44-2022_-_altera_a_lei_no_2416-2021_que_dispoe_sobre_o_plano_plurianual_para_o_periodo_de_2022-2025.pdf", "ementa": "Altera a Lei n\u00ba 2416-2021 que disp\u00f5e sobre o plano plurianual para o per\u00edodo de 2022-2025"}, {"id": "2814", "ano": "2022", "numero": "45", "tipo__sigla": "PLO", "tipo__descricao": "Projeto de Lei Ordin\u00e1ria", "autoria": "Chefe do Poder Executivo", "texto_original": "http://sapl.cacu.go.leg.br/media/sapl/public/materialegislativa/2022/2814/pl_no_45-2022_-_institui_mao_de_trafego_unico_nas_ruas_neca_borges_e_vicente_soares_e_da_outras_providencias.pdf", "ementa": "Institui m\u00e3o de tr\u00e1fego \u00fanico nas Ruas Neca Borges e Vicente Soares e d\u00e1 outras provid\u00eancias"}, {"id": "2815", "ano": "2022", "numero": "46", "tipo__sigla": "PLO", "tipo__descricao": "Projeto de Lei Ordin\u00e1ria", "autoria": "WALTER JUNIOR, DALVINA IZABEL, UBALDINO CARDOSO, ZILDERLEI NUNES", "texto_original": "http://sapl.cacu.go.leg.br/media/sapl/public/materialegislativa/2022/2815/pl_no_46-2022_-_altera_a_lei_municipal_no_1.952-14_de_07_de_novembro_de_2014_e_da_outras_providencias.pdf", "ementa": "Altera a Lei Municipal n\u00ba 1.952-14, de 07 de novembro de 2014, e d\u00e1 outras provid\u00eancias"}, {"id": "2816", "ano": "2022", "numero": "47", "tipo__sigla": "PLO", "tipo__descricao": "Projeto de Lei Ordin\u00e1ria", "autoria": "Chefe do Poder Executivo", "texto_original": "http://sapl.cacu.go.leg.br/media/sapl/public/materialegislativa/2022/2816/pl_no_47-2022_-_autoriza_o_poder_executivo_municipal_a_realizar_contribuicao_financeira_as_seguintes_entidades....pdf", "ementa": "Autoriza o Poder Executivo Municipal a realizar contribui\u00e7\u00f5es financeiras \u00e0s seguintes entidades: Dispens\u00e1rio Esp\u00edrita Adolpho Bezerra de Menezes; APAE - Associa\u00e7\u00e3o de Pais e Amigos dos Excepcionais de Ca\u00e7u/GO; e, \"Associa\u00e7\u00e3o Arraial dos Amigos\", e d\u00e1 outras provid\u00eancias."}, {"id": "2817", "ano": "2022", "numero": "48", "tipo__sigla": "PLO", "tipo__descricao": "Projeto de Lei Ordin\u00e1ria", "autoria": "Chefe do Poder Executivo", "texto_original": "http://sapl.cacu.go.leg.br/media/sapl/public/materialegislativa/2022/2817/pl_no_48-2022_-_autoriza_o_poder_executivo_municipal_a_realizar_contribuicao_financeira_ao_sindicato_rural_de_cacu.pdf", "ementa": "Autoriza o Poder Executivo Municipal a realizar contribui\u00e7\u00e3o financeira ao \"SINDICATO RURAL DE CA\u00c7U\", e d\u00e1 outras provid\u00eancias."}, {"id": "2826", "ano": "2022", "numero": "49", "tipo__sigla": "PLO", "tipo__descricao": "Projeto de Lei Ordin\u00e1ria", "autoria": "ZILDERLEI NUNES, VIRGINIA BERNARDES", "texto_original": "http://sapl.cacu.go.leg.br/media/sapl/public/materialegislativa/2022/2826/pl_no_49-2022_-_institui_o_dia_municipal_em_memoria_as_vitimas_da_covid-19_e_da_outras_providencias.pdf", "ementa": "Institui o Dia Municipal em Mem\u00f3ria \u00e0s V\u00edtimas da COVID-19, e d\u00e1 outras provid\u00eancias."}, {"id": "2827", "ano": "2022", "numero": "50", "tipo__sigla": "PLO", "tipo__descricao": "Projeto de Lei Ordin\u00e1ria", "autoria": "Chefe do Poder Executivo", "texto_original": "http://sapl.cacu.go.leg.br/media/sapl/public/materialegislativa/2022/2827/pl_no_50-2022_-_altera_o_artigo_7o_da_lei_no_2.419-2021_e_da_outras_providencias.pdf", "ementa": "Altera o artigo 7\u00ba da Lei n\u00ba 2.419/2021, e d\u00e1 outras provid\u00eancias."}, {"id": "2829", "ano": "2022", "numero": "51", "tipo__sigla": "PLO", "tipo__descricao": "Projeto de Lei Ordin\u00e1ria", "autoria": "KAK\u00c1 FERRAZ", "texto_original": "http://sapl.cacu.go.leg.br/media/sapl/public/materialegislativa/2022/2829/pl_no_51-2022_-_dispoe_sobre_a_proibicao_da_ideologia_de_generos_nas_escolas_da_rede_publica_municipal_e_de_ensino_privado_em_todo_municipio_de_cacu-go.pdf", "ementa": "Disp\u00f5e sobre a proibi\u00e7\u00e3o da \"ideologia de g\u00eaneros\" nas escolas da rede p\u00fablica municipal e de ensino privado em todo munic\u00edpio de Ca\u00e7u-GO"}, {"id": "2830", "ano": "2022", "numero": "52", "tipo__sigla": "PLO", "tipo__descricao": "Projeto de Lei Ordin\u00e1ria", "autoria": "Chefe do Poder Executivo", "texto_original": "http://sapl.cacu.go.leg.br/media/sapl/public/materialegislativa/2022/2830/pl_no_52-2022_-_autoriza_o_poder_executivo_municipal_a_realizar_contribuicao_financeira_ao_ietec_em_beneficio_dos_formandos_de_2022.pdf", "ementa": "Autoriza o Poder Executivo Municipal a realizar contribui\u00e7\u00e3o financeira ao Instituto Educacional Tecnol\u00f3gico de Curso - IETEC, em benef\u00edcio dos formandos de 2022/02, e d\u00e1 outras provid\u00eancias"}, {"id": "2831", "ano": "2022", "numero": "53", "tipo__sigla": "PLO", "tipo__descricao": "Projeto de Lei Ordin\u00e1ria", "autoria": "Chefe do Poder Executivo", "texto_original": "http://sapl.cacu.go.leg.br/media/sapl/public/materialegislativa/2022/2831/pl_no_53-2022_-_autoriza_o_poder_executivo_a_fazer_doacao_de_numerario_a_aspruguar.pdf", "ementa": "Autoriza o Poder Executivo Municipal a fazer doa\u00e7\u00e3o de numer\u00e1rio \u00e0 Associa\u00e7\u00e3o dos Produtores Rurais da Regi\u00e3o da Guariroba - ASPRUGUAR, e d\u00e1 outras provid\u00eancias."}, {"id": "2832", "ano": "2022", "numero": "54", "tipo__sigla": "PLO", "tipo__descricao": "Projeto de Lei Ordin\u00e1ria", "autoria": "Chefe do Poder Executivo", "texto_original": "http://sapl.cacu.go.leg.br/media/sapl/public/materialegislativa/2022/2832/pl_no_54-2022_-_autoriza_o_poder_executivo_municipal_a_fazer_doacao_de_numerario_a_asprafase.pdf", "ementa": "Autoriza o Poder Executivo Municipal a fazer doa\u00e7\u00e3o de numer\u00e1rio \u00e0 Associa\u00e7\u00e3o do Projeto de Assentamento da Fazenda Santa Elza - ASPRAFASE, e d\u00e1 outras provid\u00eancias"}, {"id": "2834", "ano": "2022", "numero": "55", "tipo__sigla": "PLO", "tipo__descricao": "Projeto de Lei Ordin\u00e1ria", "autoria": "Chefe do Poder Executivo", "texto_original": "http://sapl.cacu.go.leg.br/media/sapl/public/materialegislativa/2022/2834/pl_no_55-2022-_autoriza_o_p.e_a_realizar_contribuicao_financaira_a_congregacao_dos_pequenos_irmaos....pdf", "ementa": "Autoriza o Poder Executivo Municipal a realizar contribui\u00e7\u00e3o financeira \u00e0 CONGREGA\u00c7\u00c3O DOS PEQUENOS IRM\u00c3OS DO SANT\u00cdSSIMO SACRAMENTO, e d\u00e1 outras providencias."}, {"id": "2835", "ano": "2022", "numero": "56", "tipo__sigla": "PLO", "tipo__descricao": "Projeto de Lei Ordin\u00e1ria", "autoria": "Chefe do Poder Executivo", "texto_original": "http://sapl.cacu.go.leg.br/media/sapl/public/materialegislativa/2022/2835/pl_no_56-2022_-_autoriza_a_desafetacao_e_desmembramento_do_lote_no_02_da_quadra_12_do_loteamento_vale_do_sol.pdf", "ementa": "Autoriza a desafeta\u00e7\u00e3o e desmembramento do lote n\u00ba 02, da quadra n\u00ba 12, do Loteamento Vale do Sol, objeto do AV-5, da Matr\u00edcula n\u00ba 3.898, do Cart\u00f3rio de Registro de Im\u00f3veis local, para forma\u00e7\u00e3o de dois lotes \"A\" e \"B\", e d\u00e1 outras provid\u00eancias."}, {"id": "2836", "ano": "2022", "numero": "57", "tipo__sigla": "PLO", "tipo__descricao": "Projeto de Lei Ordin\u00e1ria", "autoria": "ZILDERLEI NUNES", "texto_original": "http://sapl.cacu.go.leg.br/media/sapl/public/materialegislativa/2022/2836/pl_no_57-2022_-_dispoe_sobre_a_condecoracao_professor_nota_dez_aos_professores_que_atuam_na_rede_municipal.pdf", "ementa": "Disp\u00f5e sobre a condecora\u00e7\u00e3o \"Professor Nota Dez\" aos Professores que atuam na Rede Municipal de Ensino, do munic\u00edpio de Ca\u00e7u, e d\u00e1 outras provid\u00eancias."}, {"id": "2837", "ano": "2022", "numero": "58", "tipo__sigla": "PLO", "tipo__descricao": "Projeto de Lei Ordin\u00e1ria", "autoria": "Chefe do Poder Executivo", "texto_original": "http://sapl.cacu.go.leg.br/media/sapl/public/materialegislativa/2022/2837/pl_no_58-2022_-_autoriza_o_poder_executivo_a_fazer_concessoes_de_direito_real_de_uso_para_empresa_freitas__guimaraes_materias_para_construcao.pdf", "ementa": "Autoriza o Poder Executivo Municipal a fazer Concess\u00f5es de Direito Real de Uso da \u00c1rea do lote n\u00ba 09-A, da quadra n\u00ba 17, do Loteamento Industrial LL, para a empresa Freitas & Guimar\u00e3es Materiais para Constru\u00e7\u00e3o Ltda., e d\u00e1 outras provid\u00eancias."}, {"id": "2838", "ano": "2022", "numero": "59", "tipo__sigla": "PLO", "tipo__descricao": "Projeto de Lei Ordin\u00e1ria", "autoria": "Chefe do Poder Executivo", "texto_original": "http://sapl.cacu.go.leg.br/media/sapl/public/materialegislativa/2022/2838/pl_no_59-2022_-_autoriza_o_poder_executivo_a_fazer_doacao_de_bem_imovel_dominial_atraves_de_escritura_publica.pdf", "ementa": "Autoriza o Poder Executivo Municipal, a fazer doa\u00e7\u00e3o de bem im\u00f3vel dominial, atrav\u00e9s de escritura p\u00fablica \u00e0 pessoa que especifica, e d\u00e1 outras provid\u00eancias."}, {"id": "2839", "ano": "2022", "numero": "60", "tipo__sigla": "PLO", "tipo__descricao": "Projeto de Lei Ordin\u00e1ria", "autoria": "Chefe do Poder Executivo", "texto_original": "http://sapl.cacu.go.leg.br/media/sapl/public/materialegislativa/2022/2839/pl_no_60-2022_-_autpriza_o_poder_executivo_a_fazer_concessao_de_direito_real_de_uso_...ana_maria_de_oliveira....pdf", "ementa": "Autoriza o Poder Executivo Municipal a fazer Concess\u00e3o de Direito Real de Uso de \u00c1rea do lote n\u00ba 11-A, da Qd. 17, do Loteamento Industrial II, para a empresa Ana Maria de Oliveira 04954117879, que busca fixar sede definitiva neste Munic\u00edpio, e d\u00e1 outras provid\u00eancias."}, {"id": "2840", "ano": "2022", "numero": "61", "tipo__sigla": "PLO", "tipo__descricao": "Projeto de Lei Ordin\u00e1ria", "autoria": "VIRGINIA BERNARDES, ZILDERLEI NUNES", "texto_original": "http://sapl.cacu.go.leg.br/media/sapl/public/materialegislativa/2022/2840/pl_no_61-2022_-_dispoe_sobre_a_publicacao_na_internet_da_lista_de_espera_dos_pacientes_que_aguardam_por_consultas_exames_e_intervencoes_cirurgicas....pdf", "ementa": "Disp\u00f5e sobre a publica\u00e7\u00e3o, na internet, da lista de espera  dos pacientes que aguardam por consultas (discriminadas por especialidade), exames e interven\u00e7\u00f5es cir\u00fargicas e outros procedimentos nos estabelecimentos da rede p\u00fablica de sa\u00fade do Munic\u00edpio de Ca\u00e7u-GO."}, {"id": "2849", "ano": "2022", "numero": "62", "tipo__sigla": "PLO", "tipo__descricao": "Projeto de Lei Ordin\u00e1ria", "autoria": "Chefe do Poder Executivo", "texto_original": "http://sapl.cacu.go.leg.br/media/sapl/public/materialegislativa/2022/2849/pl_no_62-2022_-_define_criterios_para_a_escolha_de_diretor_de_unidade_escolar_e_da_outras_providencias.pdf", "ementa": "Disp\u00f5e crit\u00e9rios para a escolha de Diretor de Unidade Escolar, e d\u00e1 outras provid\u00eancias."}, {"id": "2850", "ano": "2022", "numero": "63", "tipo__sigla": "PLO", "tipo__descricao": "Projeto de Lei Ordin\u00e1ria", "autoria": "KAK\u00c1 FERRAZ", "texto_original": "http://sapl.cacu.go.leg.br/media/sapl/public/materialegislativa/2022/2850/pl_no_63-2022_-_institui_o_dia_municipal_de_politicas_publicas_para_o_combate_a_discriminacao_racial.pdf", "ementa": "Institui o Dia Municipal de Pol\u00edticas P\u00fablicas para o Combate \u00e0 Discrimina\u00e7\u00e3o Racial, no munic\u00edpio de Ca\u00e7u-GO."}, {"id": "2851", "ano": "2022", "numero": "64", "tipo__sigla": "PLO", "tipo__descricao": "Projeto de Lei Ordin\u00e1ria", "autoria": "KAK\u00c1 FERRAZ", "texto_original": "http://sapl.cacu.go.leg.br/media/sapl/public/materialegislativa/2022/2851/pl_no_64-2022_-_institui_o_dia_municipal_do_nascituro_e_de_conscientizacao_sobre_os_riscos_do_aborto_a_ser_comemorado_anualmente....pdf", "ementa": "Institui o Dia Municipal e de Conscientiza\u00e7\u00e3o sobre os riscos do aborto, a ser comemorado, anualmente em 08 de outubro, no munic\u00edpio de Ca\u00e7u."}, {"id": "2852", "ano": "2022", "numero": "65", "tipo__sigla": "PLO", "tipo__descricao": "Projeto de Lei Ordin\u00e1ria", "autoria": "Chefe do Poder Executivo", "texto_original": "http://sapl.cacu.go.leg.br/media/sapl/public/materialegislativa/2022/2852/pl_no_65-2022_-_autoriza_o_poder_executivo_a_realizar_contribuicao_financeira_a_associacao_comercial_e_industrial_de_cacu.pdf", "ementa": "Autoriza o Poder Executivo Municipal a fazer contribui\u00e7\u00e3o financeira \u00e0 Associa\u00e7\u00e3o Comercial e Industrial de Ca\u00e7u, e d\u00e1 outras provid\u00eancias."}, {"id": "2853", "ano": "2022", "numero": "66", "tipo__sigla": "PLO", "tipo__descricao": "Projeto de Lei Ordin\u00e1ria", "autoria": "Chefe do Poder Executivo", "texto_original": "http://sapl.cacu.go.leg.br/media/sapl/public/materialegislativa/2022/2853/pl_no_66-2022_-_autoriza_o_poder_executivo_a_realizar_contribuicao_financeira_a_igreja_evangelica_assembliea_de_deus.pdf", "ementa": "Autoriza o Poder Executivo Municipal a realizar contribui\u00e7\u00e3o financeira \u00e0 Igreja Assembleia de Deus e d\u00e1 outras provid\u00eancias."}, {"id": "2857", "ano": "2022", "numero": "67", "tipo__sigla": "PLO", "tipo__descricao": "Projeto de Lei Ordin\u00e1ria", "autoria": "VIRGINIA BERNARDES", "texto_original": "http://sapl.cacu.go.leg.br/media/sapl/public/materialegislativa/2022/2857/pl_no_67-2022_-_dispoe_sobre_a_transparencia_das_receitas_provenientes_de_emendas_parlamentares_recebidas_pelo_municipio_de_cacu-go..pdf", "ementa": "Disp\u00f5e sobre a transpar\u00eancia das receitas provenientes de Emendas Parlamentares recebidas pelo munic\u00edpio de Ca\u00e7u-GO."}, {"id": "2858", "ano": "2022", "numero": "68", "tipo__sigla": "PLO", "tipo__descricao": "Projeto de Lei Ordin\u00e1ria", "autoria": "VIRGINIA BERNARDES, ALEX PARREIRA, KAK\u00c1 FERRAZ, ORLANDO OLIVEIRA, UBALDINO CARDOSO, WALTER JUNIOR, ZILDERLEI NUNES", "texto_original": "http://sapl.cacu.go.leg.br/media/sapl/public/materialegislativa/2022/2858/pl_no_68-2022_-_institui_o_dia_municipal_em_homenagem_e_gratidao_aos_profissionais_da_saude_que_atuaram_incasavelmente_na_linha_de_frente....pdf", "ementa": "Institui o dia municipal em homenagem e gratid\u00e3o aos profissionais da sa\u00fade que atuaram incansavelmente na linha de frente ao combate e enfrentamento \u00e0 pandemia da covid-19 do munic\u00edpio de Ca\u00e7u-GO."}, {"id": "2867", "ano": "2022", "numero": "69", "tipo__sigla": "PLO", "tipo__descricao": "Projeto de Lei Ordin\u00e1ria", "autoria": "DALVINA IZABEL", "texto_original": "http://sapl.cacu.go.leg.br/media/sapl/public/materialegislativa/2022/2867/pl_no_69-2022_-_dispoe_sobre_a_alteracao_do_pctograma_que_representa_a_pessoa_idosa_em_placas_utilizadas_em_espacos_publicos_e_privados.pdf", "ementa": "Disp\u00f5e sobre a altera\u00e7\u00e3o do pictograma que representa a pessoa idosa em placas utilizadas em espa\u00e7os p\u00fablicos e privados, e d\u00e1 outras providencias."}, {"id": "2868", "ano": "2022", "numero": "70", "tipo__sigla": "PLO", "tipo__descricao": "Projeto de Lei Ordin\u00e1ria", "autoria": "Chefe do Poder Executivo", "texto_original": "http://sapl.cacu.go.leg.br/media/sapl/public/materialegislativa/2022/2868/pl_no_70-2022_-_autoriza_o_p.e._a_realizar_contribuicao_financeira_a_entidade_maconica_feminina_caminho_da_luz.pdf", "ementa": "Autoriza o Poder Executivo Municipal a realizar contribui\u00e7\u00e3o financeira \u00e0 Entidade Ma\u00e7\u00f4nica Feminina Caminho da Luz, e d\u00e1 outras provid\u00eancias."}, {"id": "2879", "ano": "2022", "numero": "71", "tipo__sigla": "PLO", "tipo__descricao": "Projeto de Lei Ordin\u00e1ria", "autoria": "Chefe do Poder Executivo", "texto_original": "http://sapl.cacu.go.leg.br/media/sapl/public/materialegislativa/2022/2879/pl_no_71-2022_-_dispoe_sobre_autorizacao_para_isencao_de_multa_e_juros_incididos_no_iptu-itu_no_issqn_estimado_e_eletronico....pdf", "ementa": "Disp\u00f5e sobre autoriza\u00e7\u00e3o para isen\u00e7\u00e3o de multa e juros incididos no IPTU/ITU, no ISSQN estimado e eletr\u00f4nico, na Taxa de Licen\u00e7a para Localiza\u00e7\u00e3o - TLF e na Taxa de Vigil\u00e2ncia Sanit\u00e1ria - TVS, de d\u00e9bitos vencidos e n\u00e3o pagos, deste e de exerc\u00edcios anteriores e d\u00e1 outras provid\u00eancias."}, {"id": "2882", "ano": "2022", "numero": "72", "tipo__sigla": "PLO", "tipo__descricao": "Projeto de Lei Ordin\u00e1ria", "autoria": "Chefe do Poder Executivo", "texto_original": "http://sapl.cacu.go.leg.br/media/sapl/public/materialegislativa/2022/2882/pl_no_72-2022_-_acresce_o_numero_de_vagas_dos_cargos_criados_pela_lei_municipal_no_1301....pdf", "ementa": "Acresce o n\u00famero de vagas dos cargos criados pela Lei Municipal n\u00ba 1301, de 02 de abril de 2002, e d\u00e1 outras provid\u00eancias."}, {"id": "2883", "ano": "2022", "numero": "73", "tipo__sigla": "PLO", "tipo__descricao": "Projeto de Lei Ordin\u00e1ria", "autoria": "DALVINA IZABEL", "texto_original": "http://sapl.cacu.go.leg.br/media/sapl/public/materialegislativa/2022/2883/pl_no_73-2022_-_proibe_o_manuseio_a_utilizacao_a_queima_e_a_soltura_de_fogos_de_estampidos_e_de_artificios....pdf", "ementa": "Pro\u00edbe o manuseio, a utiliza\u00e7\u00e3o, a queima e a soltura de fogos de estampidos e de artif\u00edcios, assim como de quaisquer artefatos pirot\u00e9cnicos de efeito sonoro ruidoso no Munic\u00edpio de Ca\u00e7u, e d\u00e1 outras provid\u00eancias."}, {"id": "2894", "ano": "2022", "numero": "74", "tipo__sigla": "PLO", "tipo__descricao": "Projeto de Lei Ordin\u00e1ria", "autoria": "UBALDINO CARDOSO", "texto_original": "http://sapl.cacu.go.leg.br/media/sapl/public/materialegislativa/2022/2894/pl_no_74-2022_-_dispoe_sobre_desmembramentos_de_lotes_na_cidade_de_cacu_e_da_outras_providencias..pdf", "ementa": "Disp\u00f5e sobre desmembramento de lotes na Cidade de Ca\u00e7u, e d\u00e1 outras provid\u00eancias."}, {"id": "2896", "ano": "2022", "numero": "75", "tipo__sigla": "PLO", "tipo__descricao": "Projeto de Lei Ordin\u00e1ria", "autoria": "Chefe do Poder Executivo", "texto_original": "http://sapl.cacu.go.leg.br/media/sapl/public/materialegislativa/2022/2896/pl_no_75-2022_-_autoriza_o_poder_executivo_municipal_a_fazer_doacao_de_bem_imovel_dominial_atraves_de_escritura_publica_ao_contro_espirita_joana_darc.pdf", "ementa": "Autoriza o Poder Executivo Municipal a fazer doa\u00e7\u00e3o de bem dominial, atrav\u00e9s de escritura p\u00fablica ao Centro Esp\u00edrita Joana D'arc, e d\u00e1 outras provid\u00eancias."}, {"id": "2900", "ano": "2022", "numero": "76", "tipo__sigla": "PLO", "tipo__descricao": "Projeto de Lei Ordin\u00e1ria", "autoria": "", "texto_original": "http://sapl.cacu.go.leg.br/media/sapl/public/materialegislativa/2022/2900/projeto_de_lei_7613122022.pdf", "ementa": "DISP\u00d5E SOBRE ALTERA\u00c7\u00c3O DO ANEXO I DA LEI N\u00ba 2444/2022 - LDO PARA O EXERC\u00cdCIO DE 2023."}, {"id": "2690", "ano": "2022", "numero": "1", "tipo__sigla": "PRE", "tipo__descricao": "Projeto de Resolu\u00e7\u00e3o", "autoria": "WALTER JUNIOR", "texto_original": "http://sapl.cacu.go.leg.br/media/sapl/public/materialegislativa/2022/2690/projeto_de_resolucao_n_01-202204022022.pdf", "ementa": "Regulamenta a Lei Federal n\u00ba 14.133, de 1\u00ba de abril de 2021, que disp\u00f5e sobre licita\u00e7\u00f5es e contratos administrativos, no \u00e2mbito do Poder Legislativo de Ca\u00e7u-GO, e d\u00e1 outras provid\u00eancias\u201d."}, {"id": "2818", "ano": "2022", "numero": "2", "tipo__sigla": "PRE", "tipo__descricao": "Projeto de Resolu\u00e7\u00e3o", "autoria": "", "texto_original": "http://sapl.cacu.go.leg.br/media/sapl/public/materialegislativa/2022/2818/projeto_de_resolucao_no_02-2022_-_regulamenta_o_uso_dos_veiculos_pertencentes_ou_a_disposicao_da_camara_municipal_e_da_outras_providencias.pdf", "ementa": "Regulamenta o uso dos ve\u00edculos pertencentes ou \u00e0 disposi\u00e7\u00e3o da C\u00e2mara Municipal, e d\u00e1 outras provid\u00eancias"}, {"id": "2855", "ano": "2022", "numero": "3", "tipo__sigla": "PRE", "tipo__descricao": "Projeto de Resolu\u00e7\u00e3o", "autoria": "", "texto_original": "http://sapl.cacu.go.leg.br/media/sapl/public/materialegislativa/2022/2855/projeto_de_resolucao_no_03-2022.pdf", "ementa": "Inclui dispositivos aos artigos 99 e 100, da Resolu\u00e7\u00e3o n\u00b0 05, de 16 de novembro de 2006 \u2013 Regimento Interno da C\u00e2mara Municipal de Ca\u00e7u, e d\u00e1 outras providencias."}, {"id": "2899", "ano": "2022", "numero": "4", "tipo__sigla": "PRE", "tipo__descricao": "Projeto de Resolu\u00e7\u00e3o", "autoria": "", "texto_original": "http://sapl.cacu.go.leg.br/media/sapl/public/materialegislativa/2022/2899/projeto_de_resolucao_0412122022.pdf", "ementa": "DISP\u00d5E SOBRE A COMPOSI\u00c7\u00c3O DAS COMISS\u00d5ES PERMANENTES DA C\u00c2MARA MUNICIPAL DE CA\u00c7U PARA O ANO DE 2023."}, {"id": "2696", "ano": "2022", "numero": "1", "tipo__sigla": "PELOM", "tipo__descricao": "Proposta de Emenda \u00e0 Lei Org\u00e2nica Municipal", "autoria": "ZILDERLEI NUNES, DALVINA IZABEL, UBALDINO CARDOSO, WALTER JUNIOR", "texto_original": "http://sapl.cacu.go.leg.br/media/sapl/public/materialegislativa/2022/2696/projeto_de_emenda_a_lei_organica_no_01-2022.pdf", "ementa": "Cria o Artigo 56-A \u00e0 Lei Org\u00e2nica do Munic\u00edpio de Ca\u00e7u, Estado de Goi\u00e1s, instituindo a obrigatoriedade da execu\u00e7\u00e3o or\u00e7ament\u00e1ria e financeira da programa\u00e7\u00e3o inclu\u00edda, por Emendas individuais do Poder Legislativo Municipal, ao Projeto de Lei que prop\u00f5e o Or\u00e7amento Anual."}, {"id": "2788", "ano": "2022", "numero": "2", "tipo__sigla": "PELOM", "tipo__descricao": "Proposta de Emenda \u00e0 Lei Org\u00e2nica Municipal", "autoria": "WALTER JUNIOR, DALVINA IZABEL, UBALDINO CARDOSO, ZILDERLEI NUNES", "texto_original": "http://sapl.cacu.go.leg.br/media/sapl/public/materialegislativa/2022/2788/pelom_no_2-2022_-_altera_a_redacao_do__8o_do_art._12_da_lei_organica_municipal..pdf", "ementa": "ALTERA A REDA\u00c7\u00c3O DO \u00a7 8\u00ba, DO ART. 12, DA LEI ORG\u00c2NICA MUNICIPAL."}, {"id": "2869", "ano": "2022", "numero": "3", "tipo__sigla": "PELOM", "tipo__descricao": "Proposta de Emenda \u00e0 Lei Org\u00e2nica Municipal", "autoria": "Chefe do Poder Executivo", "texto_original": "http://sapl.cacu.go.leg.br/media/sapl/public/materialegislativa/2022/2869/plom_no_03-2022_-_altera_dispositivos_da_lei_organica_municipal_de_cacu_estado_de_goias..pdf", "ementa": "Altera dispositivos da Lei Org\u00e2nica Municipal de Ca\u00e7u, Estado de Goi\u00e1s."}, {"id": "2685", "ano": "2022", "numero": "1", "tipo__sigla": "REQ", "tipo__descricao": "Requerimento", "autoria": "ZILDERLEI NUNES, DALVINA IZABEL", "texto_original": "http://sapl.cacu.go.leg.br/media/sapl/public/materialegislativa/2022/2685/requerimento_01-202224012022.pdf", "ementa": "Requer a cria\u00e7\u00e3o de uma sala de trof\u00e9us para armazenar e expor as conquistas sa Associa\u00e7\u00e3o Ca\u00e7u Esporte Clube e d\u00e1 outras provid\u00eancias."}, {"id": "2686", "ano": "2022", "numero": "2", "tipo__sigla": "REQ", "tipo__descricao": "Requerimento", "autoria": "DALVINA IZABEL", "texto_original": "http://sapl.cacu.go.leg.br/media/sapl/public/materialegislativa/2022/2686/requerimento_02-202228012022.pdf", "ementa": "Requer seja providenciado o plantio de \u00e1rvores frut\u00edferas na escola municipal Professor Altino Barboza."}, {"id": "2687", "ano": "2022", "numero": "3", "tipo__sigla": "REQ", "tipo__descricao": "Requerimento", "autoria": "ALEX PARREIRA", "texto_original": "http://sapl.cacu.go.leg.br/media/sapl/public/materialegislativa/2022/2687/requerimento_03-202228012022.pdf", "ementa": "Requer a contrata\u00e7\u00e3o de um m\u00e9dico especializado em pediatria para atender o Munic\u00edpio."}, {"id": "2691", "ano": "2022", "numero": "4", "tipo__sigla": "REQ", "tipo__descricao": "Requerimento", "autoria": "ALEX PARREIRA", "texto_original": "http://sapl.cacu.go.leg.br/media/sapl/public/materialegislativa/2022/2691/requerimento_no_04-202207022022.pdf", "ementa": "Requer a disponibiliza\u00e7\u00e3o de uma equipe de limpeza urbana para o residencial Gilmar Jos\u00e9 de Freitas Guimar\u00e3es."}, {"id": "2692", "ano": "2022", "numero": "5", "tipo__sigla": "REQ", "tipo__descricao": "Requerimento", "autoria": "VIRGINIA BERNARDES", "texto_original": "http://sapl.cacu.go.leg.br/media/sapl/public/materialegislativa/2022/2692/req._no_05-2022_-_ver._virginia_-_requer_a_contratacao_ou_disponibilizacao_de_monitores....pdf", "ementa": "Requer seja realizado a contrata\u00e7\u00e3o ou disponibiliza\u00e7\u00e3o de monitores para o cuidado das crian\u00e7as nos \u00f4nibus escolares da zona rural."}, {"id": "2693", "ano": "2022", "numero": "6", "tipo__sigla": "REQ", "tipo__descricao": "Requerimento", "autoria": "VIRGINIA BERNARDES", "texto_original": "http://sapl.cacu.go.leg.br/media/sapl/public/materialegislativa/2022/2693/req._no_06-2022_-_ver._virginia_08.02_-_requer_a_reforma_do_telhado_da_ubs_divino_carlos_de_oliveira.pdf", "ementa": "Requer seja realizada a reforma do telhado da Unidade B\u00e1sica de Sa\u00fade Divino Carlos de Oliveira."}, {"id": "2694", "ano": "2022", "numero": "7", "tipo__sigla": "REQ", "tipo__descricao": "Requerimento", "autoria": "ZILDERLEI NUNES", "texto_original": "http://sapl.cacu.go.leg.br/media/sapl/public/materialegislativa/2022/2694/req._no_07-2022_-_vers._zilderlei_e_alex_08.02_-_requer_seja_feita_a_infraestrutura_e_pavimentacao_nas_areas_remanescentes_do_residencial_gilmar.pdf", "ementa": "Requer seja feita a infraestrutura e pavimenta\u00e7\u00e3o nas \u00e1reas remanescentes do Residencial Gilmar Jos\u00e9 de Freitas Guimar\u00e3es."}, {"id": "2697", "ano": "2022", "numero": "8", "tipo__sigla": "REQ", "tipo__descricao": "Requerimento", "autoria": "DALVINA IZABEL", "texto_original": "http://sapl.cacu.go.leg.br/media/sapl/public/materialegislativa/2022/2697/req._no_08-2022_-_ver._dalvina_16.02_-_requer_seja_realizado_estudo_a_respeito_da_mudanca_do_estatuto_do_magisterio_municipal.pdf", "ementa": "Requer seja realizado um estudo a respeito da viabilidade de poss\u00edvel mudan\u00e7a no estatuto do magist\u00e9rio municipal, para o aumento das atividades extraclasse."}, {"id": "2698", "ano": "2022", "numero": "9", "tipo__sigla": "REQ", "tipo__descricao": "Requerimento", "autoria": "KAK\u00c1 FERRAZ", "texto_original": "http://sapl.cacu.go.leg.br/media/sapl/public/materialegislativa/2022/2698/req._no_09-2022_-_ver._kaka_16.02_-_requer_aquisicao_de_novos_onibus_para_o_transporte_de_universitarios.pdf", "ementa": "Requer seja adquirido novos \u00f4nibus para o transporte dos universit\u00e1rios que estudam nas cidades vizinhas."}, {"id": "2699", "ano": "2022", "numero": "10", "tipo__sigla": "REQ", "tipo__descricao": "Requerimento", "autoria": "KAK\u00c1 FERRAZ", "texto_original": "http://sapl.cacu.go.leg.br/media/sapl/public/materialegislativa/2022/2699/req._no_10-2022_-_ver._kaka_16.02_-_requer_que_seja_feita_a_infraestrutura_e_pavimentacao_da_rede_pluvial_no_setor_industrial.pdf", "ementa": "Requer seja feita toda infraestrutura, bem como pavimenta\u00e7\u00e3o e rede pluvial no Setor Industrial de Ca\u00e7u, e tamb\u00e9m estrutura para receber a \u00e1gua deste referido setor e Residencial Gilmar Jos\u00e9 de Freitas Guimar\u00e3es, sem atrapalhar a trafegabilidade da rodovia GO 206."}, {"id": "2700", "ano": "2022", "numero": "11", "tipo__sigla": "REQ", "tipo__descricao": "Requerimento", "autoria": "KAK\u00c1 FERRAZ", "texto_original": "http://sapl.cacu.go.leg.br/media/sapl/public/materialegislativa/2022/2700/req._no_11-2022_-_ver._kaka_16.02_-_requer_a_construcao_de_calcadas_na_praca_paulo_cesar_junqueiroz.pdf", "ementa": "Requer a constru\u00e7\u00e3o de cal\u00e7adas na pra\u00e7a Paulo C\u00e9sar Junqueiroz."}, {"id": "2701", "ano": "2022", "numero": "12", "tipo__sigla": "REQ", "tipo__descricao": "Requerimento", "autoria": "KAK\u00c1 FERRAZ", "texto_original": "http://sapl.cacu.go.leg.br/media/sapl/public/materialegislativa/2022/2701/req._no_12-2022_-_ver._kaka_16.02_-_requer_seja_disponibilizada_uma_area_a_ong_sos_4_patas.pdf", "ementa": "Requer seja disponibilizada uma \u00e1rea a ONG SOS 4 PATAS, para a constru\u00e7\u00e3o de um abrigo que acomode os animais abandonados."}, {"id": "2703", "ano": "2022", "numero": "13", "tipo__sigla": "REQ", "tipo__descricao": "Requerimento", "autoria": "VIRGINIA BERNARDES", "texto_original": "http://sapl.cacu.go.leg.br/media/sapl/public/materialegislativa/2022/2703/req._no_13-2022_-_ver._virginia_18.02_-_requer_a_criacao_de_um_projeto_de_moradia_para_a_populacao_carente.pdf", "ementa": "Requer a cria\u00e7\u00e3o de um projeto de moradia para a popula\u00e7\u00e3o carente, onde 50% das resid\u00eancias sejam destinadas as m\u00e3es solteiras em situa\u00e7\u00e3o de vulnerabilidade."}, {"id": "2704", "ano": "2022", "numero": "14", "tipo__sigla": "REQ", "tipo__descricao": "Requerimento", "autoria": "ZILDERLEI NUNES", "texto_original": "http://sapl.cacu.go.leg.br/media/sapl/public/materialegislativa/2022/2704/req._no_14-2022_-_ver._zilderlei_14.02_-_requer_a_criacao_do_programa_de_melhoramento_genetico_animal.pdf", "ementa": "Requer a cria\u00e7\u00e3o de um programa de Melhoramento Gen\u00e9tico Animal, como forma de incentivo aos pequenos produtores."}, {"id": "2705", "ano": "2022", "numero": "15", "tipo__sigla": "REQ", "tipo__descricao": "Requerimento", "autoria": "ALEX PARREIRA", "texto_original": "http://sapl.cacu.go.leg.br/media/sapl/public/materialegislativa/2022/2705/req._no_15-2022_-_ver._alex_18.02_-_requer_o_aumento_do_piso_salarial_dos_professores.pdf", "ementa": "Requer o aumento do piso salarial dos professores da rede p\u00fablica municipal, seguindo o aumento do governo Federal e Estadual."}, {"id": "2706", "ano": "2022", "numero": "16", "tipo__sigla": "REQ", "tipo__descricao": "Requerimento", "autoria": "WALTER JUNIOR", "texto_original": "http://sapl.cacu.go.leg.br/media/sapl/public/materialegislativa/2022/2706/req._no_16-2022_-_ver._walter_18.02_-_solicita_oferecimento_gratuito_de_curso_de_licitacoes_aos_comerciantes_locais.pdf", "ementa": "Solicita o oferecimento gratuito de um curso de licita\u00e7\u00f5es  aos comerciantes locais."}, {"id": "2707", "ano": "2022", "numero": "17", "tipo__sigla": "REQ", "tipo__descricao": "Requerimento", "autoria": "LAURECI LIMA", "texto_original": "http://sapl.cacu.go.leg.br/media/sapl/public/materialegislativa/2022/2707/req._no_17-2022_-_ver._laureci_18.02_-_requer_seja_realizado_estudo_acerca_da_mudanca_do_sentido_duplo_para_mao_unica_em_parte_da_rua_neca_borges.pdf", "ementa": "Requer seja realizado estudo acerca da mudan\u00e7a do sentido duplo para m\u00e3o \u00fanica em parte da Rua Neca Borges, Setor Central."}, {"id": "2708", "ano": "2022", "numero": "18", "tipo__sigla": "REQ", "tipo__descricao": "Requerimento", "autoria": "LAURECI LIMA", "texto_original": "http://sapl.cacu.go.leg.br/media/sapl/public/materialegislativa/2022/2708/req._no_18-2022_-_ver._laureci_21.02_-_requer_seja_realizado_estudo_acerca_da_mudanca_do_sentido_duplo_para_mao_unica_em_parte_da_rua_vicente_soares.pdf", "ementa": "Requer seja realizado estudo acerca da mudan\u00e7a do sentido duplo para m\u00e3o \u00fanica em parte da Rua Vicente Soares, Setor Central"}, {"id": "2709", "ano": "2022", "numero": "19", "tipo__sigla": "REQ", "tipo__descricao": "Requerimento", "autoria": "LAURECI LIMA", "texto_original": "http://sapl.cacu.go.leg.br/media/sapl/public/materialegislativa/2022/2709/req._no_19-2022_-_ver._laureci_21.02_-_requer_seja_feito_um_paliativo_as_margens_do_rio_claro_para_embarque_e_desembarque_de_equipamentos_nauticos.pdf", "ementa": "Requer seja feito um paliativo \u00e0s margens do Rio Claro, para embarque e desembarque de equipamentos n\u00e1uticos (barcos, lanchas, jet ski e etc)."}, {"id": "2710", "ano": "2022", "numero": "20", "tipo__sigla": "REQ", "tipo__descricao": "Requerimento", "autoria": "LAURECI LIMA", "texto_original": "http://sapl.cacu.go.leg.br/media/sapl/public/materialegislativa/2022/2710/req._no_20-2022_-_ver._laureci_21.02_-_requer_seja_feita_a_limpeza_dos_lagos_situados_no_bairro_agua_fria.pdf", "ementa": "Requer seja feita a limpeza dos lagos situados no bairro \u00c1gua Fria."}, {"id": "2713", "ano": "2022", "numero": "21", "tipo__sigla": "REQ", "tipo__descricao": "Requerimento", "autoria": "ORLANDO OLIVEIRA, ZILDERLEI NUNES", "texto_original": "http://sapl.cacu.go.leg.br/media/sapl/public/materialegislativa/2022/2713/req._no_21-2022_-_vers._orlando_e_zilderlei_04.03_-_requer_seja_providenciado_o_recapeamento_asfaltico_da_area_interna_do_parque_de_exposicoes.pdf", "ementa": "Requer seja providenciado o recapeamento asf\u00e1ltico da \u00e1rea interna do Parque de Exposi\u00e7\u00f5es Leonides Dolores Machado."}, {"id": "2714", "ano": "2022", "numero": "22", "tipo__sigla": "REQ", "tipo__descricao": "Requerimento", "autoria": "ORLANDO OLIVEIRA, ALEX PARREIRA", "texto_original": "http://sapl.cacu.go.leg.br/media/sapl/public/materialegislativa/2022/2714/req._no_22-2022_-_vers._orlando_e_alex_04.03_-_requer_a_instalacao_de_rede_de_agua_tratada_mp_residencial_gilmar.pdf", "ementa": "Requer seja providenciado a instala\u00e7\u00e3o da rede de \u00e1gua tratada no Residencial Gilmar Jos\u00e9 de Freitas Guimar\u00e3es."}, {"id": "2715", "ano": "2022", "numero": "23", "tipo__sigla": "REQ", "tipo__descricao": "Requerimento", "autoria": "UBALDINO CARDOSO", "texto_original": "http://sapl.cacu.go.leg.br/media/sapl/public/materialegislativa/2022/2715/req._no_23-2022_-_ver._ubaldino_04.03_-_requer_a_construcao_de_cobertura_na_entrada_da_ubs_rafael_cardoso.pdf", "ementa": "Requer seja constru\u00edda uma cobertura na entrada da Unidade B\u00e1sica de Sa\u00fade Rafael Cardoso de Freitas, Setor Boa Vista."}, {"id": "2716", "ano": "2022", "numero": "24", "tipo__sigla": "REQ", "tipo__descricao": "Requerimento", "autoria": "VIRGINIA BERNARDES", "texto_original": "http://sapl.cacu.go.leg.br/media/sapl/public/materialegislativa/2022/2716/req._no_24-2022_-_ver._virginia_04.03_-_requer_a_equiparacao_salarial_entre_auxiliares_de_enfermagem_e_tecnicos_de_enfermagem.pdf", "ementa": "Requer a equipara\u00e7\u00e3o salarial entre os auxiliares de enfermagem e t\u00e9cnicos de enfermagem."}, {"id": "2717", "ano": "2022", "numero": "25", "tipo__sigla": "REQ", "tipo__descricao": "Requerimento", "autoria": "VIRGINIA BERNARDES", "texto_original": "http://sapl.cacu.go.leg.br/media/sapl/public/materialegislativa/2022/2717/req._no_25-2022_-_ver._virginia_04.03_-_requer_seja_realizada_reforma_do_predio_da_prefeitura.pdf", "ementa": "Requer seja realizada a reforma do pr\u00e9dio da Prefeitura Municipal de Ca\u00e7u."}, {"id": "2718", "ano": "2022", "numero": "26", "tipo__sigla": "REQ", "tipo__descricao": "Requerimento", "autoria": "VIRGINIA BERNARDES", "texto_original": "http://sapl.cacu.go.leg.br/media/sapl/public/materialegislativa/2022/2718/req._no_26-2022_-_ver._virginia_04.03_-_requer_a_criacao_de_um_programa_de_auxilio_financeiro_destinado_a_mulheres.pdf", "ementa": "Requer a cria\u00e7\u00e3o de um programa de aux\u00edlio financeiro destinado a mulheres que residem em Ca\u00e7u e estejam em situa\u00e7\u00e3o de vulnerabilidade social."}, {"id": "2719", "ano": "2022", "numero": "27", "tipo__sigla": "REQ", "tipo__descricao": "Requerimento", "autoria": "ZILDERLEI NUNES, WALTER JUNIOR", "texto_original": "http://sapl.cacu.go.leg.br/media/sapl/public/materialegislativa/2022/2719/req._no_27-2022_-_vers._zilderlei_e_walter_04.03_-_requer_seja_adquirido_em_convenio_com_a_secretaria_de_seguranca_uma_maquina_especifica_de_impressao_de_identidade.pdf", "ementa": "Requer seja adquirido, em conv\u00eanio com a Secretaria de Seguran\u00e7a P\u00fablica de Goi\u00e1s, uma m\u00e1quina espec\u00edfica de impress\u00e3o de identidade."}, {"id": "2720", "ano": "2022", "numero": "28", "tipo__sigla": "REQ", "tipo__descricao": "Requerimento", "autoria": "WALTER JUNIOR", "texto_original": "http://sapl.cacu.go.leg.br/media/sapl/public/materialegislativa/2022/2720/req._no_28-2022_-_ver._walter_04.03_-_solicita_o_reflorestamento_das_margens_e_nascentes_de_rios_no_municipio....pdf", "ementa": "Solicita o reflorestamento das margens e nascentes de rios no munic\u00edpio e a realiza\u00e7\u00e3o de palestras de conscientiza\u00e7\u00e3o ambiental aos produtores rurais."}, {"id": "2733", "ano": "2022", "numero": "29", "tipo__sigla": "REQ", "tipo__descricao": "Requerimento", "autoria": "DALVINA IZABEL", "texto_original": "http://sapl.cacu.go.leg.br/media/sapl/public/materialegislativa/2022/2733/req._no_29-2022_-_ver._dalvina_04.04_-_requer_a_criacao_de_faixas_de_estacionamento_exclusivo_para_motos....pdf", "ementa": "Requer a cria\u00e7\u00e3o de faixas de estacionamento exclusivo para motos na Avenida Idelfonso Carneiro, Ca\u00e7u-GO."}, {"id": "2734", "ano": "2022", "numero": "30", "tipo__sigla": "REQ", "tipo__descricao": "Requerimento", "autoria": "DALVINA IZABEL", "texto_original": "http://sapl.cacu.go.leg.br/media/sapl/public/materialegislativa/2022/2734/req._no_30-2022_-_ver._dalvina_04.04_-_requer_seja_realizado_a_adequacao_aumentando_o_numero_de_vagas_para_profissionais_que_necessitam_da_progressao_funcional..pdf", "ementa": "Requer seja realizado a adequa\u00e7\u00e3o, aumentando o n\u00famero de vagas para profissionais que necessitam da progress\u00e3o funcional."}, {"id": "2735", "ano": "2022", "numero": "31", "tipo__sigla": "REQ", "tipo__descricao": "Requerimento", "autoria": "KAK\u00c1 FERRAZ", "texto_original": "http://sapl.cacu.go.leg.br/media/sapl/public/materialegislativa/2022/2735/req._no_31-2022_-_ver._kaka._04.04_-_requer_a_construcao_de_uma_pista_de_ciclismo_no_municipio..pdf", "ementa": "Requer a constru\u00e7\u00e3o de uma pista de ciclismo no munic\u00edpio."}, {"id": "2736", "ano": "2022", "numero": "32", "tipo__sigla": "REQ", "tipo__descricao": "Requerimento", "autoria": "KAK\u00c1 FERRAZ", "texto_original": "http://sapl.cacu.go.leg.br/media/sapl/public/materialegislativa/2022/2736/req._no_32-2022_-_ver._kaka_04.04_-_requer_a_criacao_de_uma_pista_de_caminhada_em_volta_do_lago_no_setor_agua_fria..pdf", "ementa": "Requer a cria\u00e7\u00e3o de uma pista de caminhada em volta do lago no Setor Agua Fria."}, {"id": "2737", "ano": "2022", "numero": "33", "tipo__sigla": "REQ", "tipo__descricao": "Requerimento", "autoria": "KAK\u00c1 FERRAZ", "texto_original": "http://sapl.cacu.go.leg.br/media/sapl/public/materialegislativa/2022/2737/req._no_33-2022_-_ver._kaka_04.04_-_requer_a_revitalizacao_do_antigo_predio_da_prefeitura.pdf", "ementa": "Requer a revitaliza\u00e7\u00e3o do antigo pr\u00e9dio da Prefeitura Municipal de Ca\u00e7u."}, {"id": "2738", "ano": "2022", "numero": "34", "tipo__sigla": "REQ", "tipo__descricao": "Requerimento", "autoria": "ORLANDO OLIVEIRA", "texto_original": "http://sapl.cacu.go.leg.br/media/sapl/public/materialegislativa/2022/2738/req._no_34-2022_-_ver._orlando_04.04_-_requer_a_reestruturacao_da_lei_municipal_956-93....pdf", "ementa": "Requer a reestrutura\u00e7\u00e3o da Lei Municipal 956/93, a qual disp\u00f5e sobre o Sistema Administrativo da Prefeitura Municipal de Ca\u00e7u."}, {"id": "2739", "ano": "2022", "numero": "35", "tipo__sigla": "REQ", "tipo__descricao": "Requerimento", "autoria": "UBALDINO CARDOSO", "texto_original": "http://sapl.cacu.go.leg.br/media/sapl/public/materialegislativa/2022/2739/req._no_35-2022_-_ver._ubaldino_04.04_-_requer_seja_construida_uma_cobertura_na_entrada_da_unidade_basica_de_saude_vale_do_sol.pdf", "ementa": "Requer seja constru\u00edda uma cobertura na entrada da Unidade B\u00e1sica de Sa\u00fade Vale do Sol, situada no Residencial Gilmar Jos\u00e9 de Freitas Guimar\u00e3es."}, {"id": "2740", "ano": "2022", "numero": "36", "tipo__sigla": "REQ", "tipo__descricao": "Requerimento", "autoria": "VIRGINIA BERNARDES", "texto_original": "http://sapl.cacu.go.leg.br/media/sapl/public/materialegislativa/2022/2740/req._no_36-2022_-_ver._virginia_04.04_-_requer_a_aquisicao_de_03_guinchos_elevadores_para_transferencia_de_pessoas_acamadas..pdf", "ementa": "Requer a aquisi\u00e7\u00e3o de 03 (tr\u00eas) guinchos elevadores para transfer\u00eancia de pessoas acamadas."}, {"id": "2750", "ano": "2022", "numero": "37", "tipo__sigla": "REQ", "tipo__descricao": "Requerimento", "autoria": "ALEX PARREIRA", "texto_original": "http://sapl.cacu.go.leg.br/media/sapl/public/materialegislativa/2022/2750/req._no_37-2022_-_ver._alex_02.05_-_requer_a_disponibilizacao_de_02_tendas_e_cadeiras_para_a_praca_bianor_vicente.pdf", "ementa": "Requer a disponibiliza\u00e7\u00e3o de 02 tendas e cadeiras para a Pra\u00e7a Bianor Vicente de Souza, visando atender os universit\u00e1rios Ca\u00e7uenses."}, {"id": "2751", "ano": "2022", "numero": "38", "tipo__sigla": "REQ", "tipo__descricao": "Requerimento", "autoria": "ALEX PARREIRA", "texto_original": "http://sapl.cacu.go.leg.br/media/sapl/public/materialegislativa/2022/2751/req._no_38-2022_-_ver._alex_02.05_-_requer_a_aquisicao_de_veiculo_para_o_dispensario_espirita.pdf", "ementa": "Requer a aquisi\u00e7\u00e3o de ve\u00edculo para o Dispens\u00e1rio Espirita Adolpho Bezerra de Menezes."}, {"id": "2752", "ano": "2022", "numero": "39", "tipo__sigla": "REQ", "tipo__descricao": "Requerimento", "autoria": "VIRGINIA BERNARDES", "texto_original": "http://sapl.cacu.go.leg.br/media/sapl/public/materialegislativa/2022/2752/req._no_39-2022_-_ver._virginia_02.05_-_requer_seja_adquirido_01_carrinho_de_transporte_utensilios_para_a_lavanderia.pdf", "ementa": "Requer seja adquirido 01 carrinho de transporte de utens\u00edlios para a lavanderia da Creche Municipal Val\u00e9ria Jaime Peixoto Perilo."}, {"id": "2753", "ano": "2022", "numero": "40", "tipo__sigla": "REQ", "tipo__descricao": "Requerimento", "autoria": "VIRGINIA BERNARDES", "texto_original": "http://sapl.cacu.go.leg.br/media/sapl/public/materialegislativa/2022/2753/req._no_40-2022_-_ver._virginia_02.05_-_requer_a_criacao_de_um_projeto_que_conceda_desconto_no_iptu_aos_contribuintes.pdf", "ementa": "Requer a cria\u00e7\u00e3o de um projeto que conceda desconto no IPTU aos contribuintes que instalarem c\u00e2meras de seguran\u00e7a em seus im\u00f3veis."}, {"id": "2754", "ano": "2022", "numero": "41", "tipo__sigla": "REQ", "tipo__descricao": "Requerimento", "autoria": "VIRGINIA BERNARDES", "texto_original": "http://sapl.cacu.go.leg.br/media/sapl/public/materialegislativa/2022/2754/req._no_41-2022_-_ver._virginia_02.05_-_requer_a_aquisicao_de_novos_colchoes_para_o_hospital_municipal.pdf", "ementa": "Requer a aquisi\u00e7\u00e3o de novos colch\u00f5es para o Hospital Municipal de Ca\u00e7u-GO."}, {"id": "2755", "ano": "2022", "numero": "42", "tipo__sigla": "REQ", "tipo__descricao": "Requerimento", "autoria": "VIRGINIA BERNARDES", "texto_original": "http://sapl.cacu.go.leg.br/media/sapl/public/materialegislativa/2022/2755/req._no_42-2022_-_ver._virginia_02.05_-_requer_a_criacao_de_um_projeto_que_isente_a_cobranca_de_iptu_de_pacientes_com_hiv.pdf", "ementa": "Requer a cria\u00e7\u00e3o de um projeto que isente a cobran\u00e7a de IPTU de pacientes com c\u00e2ncer e HIV."}, {"id": "2756", "ano": "2022", "numero": "43", "tipo__sigla": "REQ", "tipo__descricao": "Requerimento", "autoria": "ZILDERLEI NUNES", "texto_original": "http://sapl.cacu.go.leg.br/media/sapl/public/materialegislativa/2022/2756/req._no_43-2022_-_ver._zilderlei_02.05_-_requer_a_criacao_de_um_consultorio_itinerante_o_qual_oferecera_consultas_e_tratamento_odontologico....pdf", "ementa": "Requer a cria\u00e7\u00e3o de um consult\u00f3rio itinerante, o qual oferecer\u00e1 consultas e tratamento odontol\u00f3gico para as comunidades e escolas rurais."}, {"id": "2757", "ano": "2022", "numero": "44", "tipo__sigla": "REQ", "tipo__descricao": "Requerimento", "autoria": "UBALDINO CARDOSO", "texto_original": "http://sapl.cacu.go.leg.br/media/sapl/public/materialegislativa/2022/2757/req._no_44-2022_-_ver._ubaldino_02.05_-_requer_a_criacao_de_uma_brigada_municipal.pdf", "ementa": "Requer a cria\u00e7\u00e3o de uma Brigada Municipal de Combate a Inc\u00eandio e Desastres Ambientais"}, {"id": "2758", "ano": "2022", "numero": "45", "tipo__sigla": "REQ", "tipo__descricao": "Requerimento", "autoria": "DALVINA IZABEL", "texto_original": "http://sapl.cacu.go.leg.br/media/sapl/public/materialegislativa/2022/2758/req._no_45-2022_-_ver._dalvina_02.05_-_requer_a_implatacao_de_um_sistema_de_monitoramento_de_predios_publicos.pdf", "ementa": "Requer a implanta\u00e7\u00e3o de um sistema de monitoramento nos pr\u00e9dios p\u00fablicos."}, {"id": "2759", "ano": "2022", "numero": "46", "tipo__sigla": "REQ", "tipo__descricao": "Requerimento", "autoria": "WALTER JUNIOR", "texto_original": "http://sapl.cacu.go.leg.br/media/sapl/public/materialegislativa/2022/2759/req._no_46-2022_-_ver._walter_20.05_-_requer_a_criacao_de_um_projeto_para_internacao_compulsoria....pdf", "ementa": "Requer a cria\u00e7\u00e3o de um projeto para interna\u00e7\u00e3o compuls\u00f3ria dos moradores de rua que possuem depend\u00eancia qu\u00edmica."}, {"id": "2760", "ano": "2022", "numero": "47", "tipo__sigla": "REQ", "tipo__descricao": "Requerimento", "autoria": "WALTER JUNIOR", "texto_original": "http://sapl.cacu.go.leg.br/media/sapl/public/materialegislativa/2022/2760/req._no_47-2022_-_ver._walter_02.05_-_requer_a_criacao_de_um_programa_de_auxilio_municipal_emergencial_em_beneficio_das_familias_vulneraveis.pdf", "ementa": "Requer a cria\u00e7\u00e3o de um programa de aux\u00edlio municipal emergencial em benef\u00edcio das fam\u00edlias vulner\u00e1veis de Ca\u00e7u-GO."}, {"id": "2761", "ano": "2022", "numero": "48", "tipo__sigla": "REQ", "tipo__descricao": "Requerimento", "autoria": "WALTER JUNIOR", "texto_original": "http://sapl.cacu.go.leg.br/media/sapl/public/materialegislativa/2022/2761/req._no_48-2022_-_ver._walter_02.05_-_requer_seja_realizada_toda_infraestrutura_as_margens_do_rio_claro....pdf", "ementa": "Requer seja realizada toda infraestrutura \u00e0s margens do Rio Claro, nas proximidades da ponte."}, {"id": "2762", "ano": "2022", "numero": "49", "tipo__sigla": "REQ", "tipo__descricao": "Requerimento", "autoria": "WALTER JUNIOR", "texto_original": "http://sapl.cacu.go.leg.br/media/sapl/public/materialegislativa/2022/2762/req._no_49-2022_-_ver._walter_02.05_-_requer_a_regularizacao_do_contrato_de_concessao_saneago.pdf", "ementa": "Requer a regulariza\u00e7\u00e3o do contrato de concess\u00e3o para explora\u00e7\u00e3o dos servi\u00e7os de \u00e1gua e esgotos sanit\u00e1rios entre a SANEAGO e o munic\u00edpio de Ca\u00e7u-GO."}, {"id": "2768", "ano": "2022", "numero": "50", "tipo__sigla": "REQ", "tipo__descricao": "Requerimento", "autoria": "ALEX PARREIRA", "texto_original": "http://sapl.cacu.go.leg.br/media/sapl/public/materialegislativa/2022/2768/req._no_50-2022_-_ver._alex_02.06_-_requer_a_criacao_do_projeto_natal_sustentavel.pdf", "ementa": "Requer a cria\u00e7\u00e3o do projeto Natal Sustent\u00e1vel, o qual utilizar\u00e1 materiais reciclados para as decora\u00e7\u00f5es."}, {"id": "2769", "ano": "2022", "numero": "51", "tipo__sigla": "REQ", "tipo__descricao": "Requerimento", "autoria": "ALEX PARREIRA", "texto_original": "http://sapl.cacu.go.leg.br/media/sapl/public/materialegislativa/2022/2769/req._n_51-2022_-_ver._alex_02.06_-_requer_um_gerador_de_energia_para_os_feirantes.pdf", "ementa": "Requer seja adquirido um gerador de energia para os feirantes do munic\u00edpio."}, {"id": "2770", "ano": "2022", "numero": "52", "tipo__sigla": "REQ", "tipo__descricao": "Requerimento", "autoria": "DALVINA IZABEL", "texto_original": "http://sapl.cacu.go.leg.br/media/sapl/public/materialegislativa/2022/2770/req._no_52-2022_-_ver._dalvina_02.06_-_requer_pavimentacao_da_rua_frederico_de_sousa.pdf", "ementa": "Requer seja feito a pavimenta\u00e7\u00e3o da Rua Frederico Souza Lima, especificamente no quarteir\u00e3o que liga os loteamentos Arco-\u00cdris II e \u00c1gua Fria."}, {"id": "2771", "ano": "2022", "numero": "53", "tipo__sigla": "REQ", "tipo__descricao": "Requerimento", "autoria": "ZILDERLEI NUNES", "texto_original": "http://sapl.cacu.go.leg.br/media/sapl/public/materialegislativa/2022/2771/req._no_53-2022_-_ver._zilderlei_02.06_-_criacao_de_projeto_horta_escolar.pdf", "ementa": "Requer a cria\u00e7\u00e3o de um projeto de horta utilizado como ferramenta pedag\u00f3gica."}, {"id": "2772", "ano": "2022", "numero": "54", "tipo__sigla": "REQ", "tipo__descricao": "Requerimento", "autoria": "ORLANDO OLIVEIRA", "texto_original": "http://sapl.cacu.go.leg.br/media/sapl/public/materialegislativa/2022/2772/req._no_54-2022_-_ver._orlando_02.06_-_requer_a_canalizacao_do_corrego_agua_fria.pdf", "ementa": "Requer a canaliza\u00e7\u00e3o do c\u00f3rrego \u00e1gua fria."}, {"id": "2773", "ano": "2022", "numero": "55", "tipo__sigla": "REQ", "tipo__descricao": "Requerimento", "autoria": "ORLANDO OLIVEIRA, WALTER JUNIOR", "texto_original": "http://sapl.cacu.go.leg.br/media/sapl/public/materialegislativa/2022/2773/req._no_55-2022_-_vers._orlando_e_walter_-_requer_a_pavimentacao_asfaltica_e_cobertura_da_garagem_municipal.pdf", "ementa": "Requer seja feita a pavimenta\u00e7\u00e3o asf\u00e1ltica, bem como a cobertura da garagem municipal."}, {"id": "2774", "ano": "2022", "numero": "56", "tipo__sigla": "REQ", "tipo__descricao": "Requerimento", "autoria": "VIRGINIA BERNARDES", "texto_original": "http://sapl.cacu.go.leg.br/media/sapl/public/materialegislativa/2022/2774/req._no_56-2022_-_ver._virginia_03.06_-_requer_seja_viabilizado_junto_a_secretaria_de_meio_ambiente_um_programa_de_preservacao_de_nascentes.pdf", "ementa": "Requer seja viabilizado junto \u00e0 Secretaria Municipal de Meio Ambiente a cria\u00e7\u00e3o de um Programa de Preserva\u00e7\u00e3o de Nascentes e conserva\u00e7\u00e3o do meio ambiente."}, {"id": "2775", "ano": "2022", "numero": "57", "tipo__sigla": "REQ", "tipo__descricao": "Requerimento", "autoria": "ALEX PARREIRA", "texto_original": "http://sapl.cacu.go.leg.br/media/sapl/public/materialegislativa/2022/2775/req._no_57-2022_-_ver._alex_03.06_-_requer_a_reativacao_da_fabrica_de_pre-moldados....pdf", "ementa": "Requer a reativa\u00e7\u00e3o da f\u00e1brica Municipal de pr\u00e9-moldados, com foco na fabrica\u00e7\u00e3o de manilhas, as quais ser\u00e3o destinadas a rede pluvial do Setor Industrial."}, {"id": "2776", "ano": "2022", "numero": "58", "tipo__sigla": "REQ", "tipo__descricao": "Requerimento", "autoria": "KAK\u00c1 FERRAZ", "texto_original": "http://sapl.cacu.go.leg.br/media/sapl/public/materialegislativa/2022/2776/req._no_58-2022_-_ver._kaka_03.06_-_requer_a_criacao_de_uma_comissao_interna_na_camara_para_que_seja_revisada_a_lom_e_o_ri.pdf", "ementa": "Requer a cria\u00e7\u00e3o de uma comiss\u00e3o interna da C\u00e2mara, para que seja revisada e atualizada a Lei Org\u00e2nica do munic\u00edpio, bem como, o Regimento Interno da C\u00e2mara Municipal."}, {"id": "2777", "ano": "2022", "numero": "59", "tipo__sigla": "REQ", "tipo__descricao": "Requerimento", "autoria": "KAK\u00c1 FERRAZ", "texto_original": "http://sapl.cacu.go.leg.br/media/sapl/public/materialegislativa/2022/2777/req._no_59-2022_-_ver._kaka03.06_-_requer_aquisicao_de_veiculo_exclusivo_para_vigilancia_sanitaria.pdf", "ementa": "Requer a aquisi\u00e7\u00e3o de um ve\u00edculo exclusivo para a vigil\u00e2ncia sanit\u00e1ria de Ca\u00e7u."}, {"id": "2778", "ano": "2022", "numero": "60", "tipo__sigla": "REQ", "tipo__descricao": "Requerimento", "autoria": "KAK\u00c1 FERRAZ", "texto_original": "http://sapl.cacu.go.leg.br/media/sapl/public/materialegislativa/2022/2778/req._no_60-2022_-_ver._kaka_03.06_-_requer_a_criacao_do_programa_bolsa_universitaria.pdf", "ementa": "Requer seja criado o programa bolsa universit\u00e1ria para ajudar os estudantes do munic\u00edpio no custeio de suas mensalidades."}, {"id": "2779", "ano": "2022", "numero": "61", "tipo__sigla": "REQ", "tipo__descricao": "Requerimento", "autoria": "KAK\u00c1 FERRAZ", "texto_original": "http://sapl.cacu.go.leg.br/media/sapl/public/materialegislativa/2022/2779/req._no_61-2022_-_ver._kaka_03.06_-_requer_seja_realizado_a_sinalizacao_horizontal_nas_ruas_da_cidade.pdf", "ementa": "Requer seja realizado a sinaliza\u00e7\u00e3o horizontal nas ruas da cidade."}, {"id": "2780", "ano": "2022", "numero": "62", "tipo__sigla": "REQ", "tipo__descricao": "Requerimento", "autoria": "KAK\u00c1 FERRAZ", "texto_original": "http://sapl.cacu.go.leg.br/media/sapl/public/materialegislativa/2022/2780/req._no_62-2022_-_ver._kaka_03.06_-_requer_a_criacao_de_um_centro_de_triagem_e_reciclagem_de_residuos.pdf", "ementa": "Requer a cria\u00e7\u00e3o de um centro de triagem e reciclagem de res\u00edduos."}, {"id": "2782", "ano": "2022", "numero": "63", "tipo__sigla": "REQ", "tipo__descricao": "Requerimento", "autoria": "KAK\u00c1 FERRAZ", "texto_original": "http://sapl.cacu.go.leg.br/media/sapl/public/materialegislativa/2022/2782/req._no_63-2022_-_ver._kaka_06.06_-_requer_a_reforma_e_ampliacao_da_cantina_do_col._mun._olivio_girotto.pdf", "ementa": "Requer a reforma e amplia\u00e7\u00e3o da cantina do Col\u00e9gio Municipal Ol\u00edvio Girotto."}, {"id": "2796", "ano": "2022", "numero": "64", "tipo__sigla": "REQ", "tipo__descricao": "Requerimento", "autoria": "ZILDERLEI NUNES", "texto_original": "http://sapl.cacu.go.leg.br/media/sapl/public/materialegislativa/2022/2796/req._no_64-2022_-_ver._zilderlei_02.08_-_requer_relatorio_de_despesas_e_receitas_de_toda_gestao_municipal.pdf", "ementa": "Requer relat\u00f3rios de despesas e receitas, de toda gest\u00e3o municipal, individualizando \u00e0quelas gestoras, referente meses de JANEIRO A JULHO de 2022."}, {"id": "2797", "ano": "2022", "numero": "65", "tipo__sigla": "REQ", "tipo__descricao": "Requerimento", "autoria": "ZILDERLEI NUNES", "texto_original": "http://sapl.cacu.go.leg.br/media/sapl/public/materialegislativa/2022/2797/req._no_65-2022_-_ver._zilderlei_02.08_-_requer_informacoes_a_respeito_da_lei_no_2.432-22....pdf", "ementa": "Requer informa\u00e7\u00f5es a respeito da Lei n\u00ba 2.432/22, de abril de 2022, a qual disp\u00f5e sobre a obrigatoriedade de identifica\u00e7\u00e3o externa nos ve\u00edculos de propriedade ou a servi\u00e7o da Administra\u00e7\u00e3o P\u00fablica do Munic\u00edpio."}, {"id": "2798", "ano": "2022", "numero": "66", "tipo__sigla": "REQ", "tipo__descricao": "Requerimento", "autoria": "WALTER JUNIOR, ZILDERLEI NUNES", "texto_original": "http://sapl.cacu.go.leg.br/media/sapl/public/materialegislativa/2022/2798/req._no_66-2022_-_vers._walter_e_zilderlei_02.08_-_requer_informacoes_a_respeito_da_lei_2.142-18_a_qual_institui_o_servico_municipal_de_inspecao_de_produtos....pdf", "ementa": "Requer informa\u00e7\u00f5es a respeito do Decreto que regulamenta a Lei n\u00ba 2.142/18, de junho de 2018, a qual institui o Servi\u00e7o Municipal de Inspe\u00e7\u00e3o de Produtos de Origem Animal e Vegetal."}, {"id": "2799", "ano": "2022", "numero": "67", "tipo__sigla": "REQ", "tipo__descricao": "Requerimento", "autoria": "VIRGINIA BERNARDES", "texto_original": "http://sapl.cacu.go.leg.br/media/sapl/public/materialegislativa/2022/2799/req._no_67-2022_-_ver._virginia_02.08_-_requer_informacoes_a_respeito_de_todos_os_exames_de_imagem_ultrassom_realizados_no_hospital_e_de_clinicas_particulares.pdf", "ementa": "Requer informa\u00e7\u00f5es a respeito de todos os exames, de imagem, ultrassom, realizados no hospital e em cl\u00ednicas particulares, juntamente com relat\u00f3rios da secretaria de sa\u00fade, de exames autorizados, contendo os nomes dos pacientes, hor\u00e1rios e datas."}, {"id": "2800", "ano": "2022", "numero": "68", "tipo__sigla": "REQ", "tipo__descricao": "Requerimento", "autoria": "VIRGINIA BERNARDES", "texto_original": "http://sapl.cacu.go.leg.br/media/sapl/public/materialegislativa/2022/2800/req._no_68-2022_-_vers._virginia_e_orlando_02.08_-_requer_infornacoes_a_respeito_de_03_veiculos_que_se_encontram_apreendidos_e_tambem_noticias_em_relacao_ao_spin_que_sofreu_uma_pane.pdf", "ementa": "Requer informa\u00e7\u00f5es a respeito de 03 (tr\u00eas) ve\u00edculos que se encontram apreendidos, e tamb\u00e9m not\u00edcias em rela\u00e7\u00e3o ao ve\u00edculo Spin que sofreu uma pane e foi destru\u00eddo pelo fogo."}, {"id": "2801", "ano": "2022", "numero": "69", "tipo__sigla": "REQ", "tipo__descricao": "Requerimento", "autoria": "ZILDERLEI NUNES", "texto_original": "http://sapl.cacu.go.leg.br/media/sapl/public/materialegislativa/2022/2801/req._no_69-2022_-_ver._zilderlei_02.08_-_requer_mudanca_de_data_da_sessao_ordinaria_do_dia_05_do_mes_de_agosto.pdf", "ementa": "Requer mudan\u00e7a de data da sess\u00e3o ordin\u00e1ria do dia 05 do m\u00eas de agosto de 2022."}, {"id": "2820", "ano": "2022", "numero": "70", "tipo__sigla": "REQ", "tipo__descricao": "Requerimento", "autoria": "ALEX PARREIRA", "texto_original": "http://sapl.cacu.go.leg.br/media/sapl/public/materialegislativa/2022/2820/req._no_70-2022_-_requer_contratacao_de_um_medico_especializado_em_urologia_para_o_municipio.pdf", "ementa": "Requer a contrata\u00e7\u00e3o de um m\u00e9dico especializado em urologia para atender o munic\u00edpio."}, {"id": "2821", "ano": "2022", "numero": "71", "tipo__sigla": "REQ", "tipo__descricao": "Requerimento", "autoria": "ORLANDO OLIVEIRA", "texto_original": "http://sapl.cacu.go.leg.br/media/sapl/public/materialegislativa/2022/2821/req._no_71-2022_-_requer_seja_disponibilizado_uma_area_no_municipio_para_empresa_jc_blocos.pdf", "ementa": "Requer seja disponibilizado uma \u00e1rea no munic\u00edpio para a empresa JC Blocos."}, {"id": "2822", "ano": "2022", "numero": "72", "tipo__sigla": "REQ", "tipo__descricao": "Requerimento", "autoria": "KAK\u00c1 FERRAZ", "texto_original": "http://sapl.cacu.go.leg.br/media/sapl/public/materialegislativa/2022/2822/req._no_72-2022_-_ver._kaka_20.09_-_requer_a_realizacao_de_convenio_do_poder_executivo_com_a_associeade.pdf", "ementa": "Requer a realiza\u00e7\u00e3o de Conv\u00eanio do Poder Executivo com a Associedade (Assist\u00eancia Social da Igreja Evang\u00e9lica Assembleia de Deus)."}, {"id": "2823", "ano": "2022", "numero": "73", "tipo__sigla": "REQ", "tipo__descricao": "Requerimento", "autoria": "KAK\u00c1 FERRAZ", "texto_original": "http://sapl.cacu.go.leg.br/media/sapl/public/materialegislativa/2022/2823/req._73-2022_-_ver._kaka_20.09_-_requer_a_criacao_de_uma_ouvidoria_na_secretaria_de_educacao_de_cacu-go.pdf", "ementa": "Requer a cria\u00e7\u00e3o de uma ouvidoria na Secretaria de Educa\u00e7\u00e3o de Ca\u00e7u-GO."}, {"id": "2824", "ano": "2022", "numero": "74", "tipo__sigla": "REQ", "tipo__descricao": "Requerimento", "autoria": "KAK\u00c1 FERRAZ", "texto_original": "http://sapl.cacu.go.leg.br/media/sapl/public/materialegislativa/2022/2824/req._no_74-2022_-_ver._kaka_20.09_-_requer_que_o_terminal_dos_universitarios_que_sera_construido_na_praca_do_antigo_forum....pdf", "ementa": "Requer que o terminal dos universit\u00e1rios que ser\u00e1 constru\u00eddo na pra\u00e7a do antigo f\u00f3rum, venha a carregar o nome em homenagem ao saudoso Ulysses Navarron Ribeiro Filho, que faleceu enquanto universit\u00e1rio."}, {"id": "2825", "ano": "2022", "numero": "75", "tipo__sigla": "REQ", "tipo__descricao": "Requerimento", "autoria": "KAK\u00c1 FERRAZ", "texto_original": "http://sapl.cacu.go.leg.br/media/sapl/public/materialegislativa/2022/2825/req._75-2022_-_ver._kaka20.09_-_requer_a_duplicacao_da_rua_ludgero_de_souza_do_trevo_de_acesso_ate_o_fim_do_setor.pdf", "ementa": "Requer a duplica\u00e7\u00e3o da Rua Ludgero de Souza, do trevo de acesso at\u00e9 o fim do setor"}, {"id": "2828", "ano": "2022", "numero": "76", "tipo__sigla": "REQ", "tipo__descricao": "Requerimento", "autoria": "LAURECI LIMA", "texto_original": "http://sapl.cacu.go.leg.br/media/sapl/public/materialegislativa/2022/2828/req._no_76-2022_-_ver._laureci_21.09_-_requer_seja_criado_um_numero_de_whatsapp_para_o_hospital_municipal_de_cacu.pdf", "ementa": "Requer seja criado um n\u00famero de WhatsApp para o Hospital Municipal de Ca\u00e7u."}, {"id": "2833", "ano": "2022", "numero": "77", "tipo__sigla": "REQ", "tipo__descricao": "Requerimento", "autoria": "VIRGINIA BERNARDES", "texto_original": "http://sapl.cacu.go.leg.br/media/sapl/public/materialegislativa/2022/2833/req._no_77-2022_-_ver._virginia_21.09_-_requer_que_seja_enviado_a_camara_municipal_todos_os_atos_do_grupo_trabalho_instituido_pelo_dec._mun._165.pdf", "ementa": "Requer que seja enviado \u00e0 C\u00e2mara Municipal, todos os atos do Grupo Trabalho institu\u00eddo pelo Decreto Municipal n\u00ba 165/2022, criado para implementa\u00e7\u00e3o de estudos e propostas de a\u00e7\u00f5es para o equil\u00edbrio financeiro do RPPS-CA\u00c7UPREV."}, {"id": "2841", "ano": "2022", "numero": "78", "tipo__sigla": "REQ", "tipo__descricao": "Requerimento", "autoria": "ZILDERLEI NUNES", "texto_original": "http://sapl.cacu.go.leg.br/media/sapl/public/materialegislativa/2022/2841/req._no_78-2022_-_ver._zilderlei_03.10_-_requer_seja_disponibilizado_um_local_onde_a_ong_sos_4_patas_possa_armazenar_as_racoes.pdf", "ementa": "Requer seja disponibilizado um local onde a ONG SOS 4 Patas possa armazenar as ra\u00e7\u00f5es dos animais."}, {"id": "2842", "ano": "2022", "numero": "79", "tipo__sigla": "REQ", "tipo__descricao": "Requerimento", "autoria": "ORLANDO OLIVEIRA", "texto_original": "http://sapl.cacu.go.leg.br/media/sapl/public/materialegislativa/2022/2842/req._no_79-2022_-_ver._orlando_03.10_-_requer_a_criacao_de_ouvidorias_no_hospital_municipal_de_cacu_e_postos_de_saude.pdf", "ementa": "Requer a cria\u00e7\u00e3o de ouvidorias no hospital municipal de Ca\u00e7u e postos de sa\u00fade"}, {"id": "2843", "ano": "2022", "numero": "80", "tipo__sigla": "REQ", "tipo__descricao": "Requerimento", "autoria": "ZILDERLEI NUNES", "texto_original": "http://sapl.cacu.go.leg.br/media/sapl/public/materialegislativa/2022/2843/req._no_80-2022_-_ver._zilderlei_03.10_-_requer_seja_criado_um_numero_whatsapp_para_os_postos_de_saude_do_mun..pdf", "ementa": "Requer seja criado um n\u00famero de WhatsApp para os postos de sa\u00fade do Munic\u00edpio."}, {"id": "2844", "ano": "2022", "numero": "81", "tipo__sigla": "REQ", "tipo__descricao": "Requerimento", "autoria": "ZILDERLEI NUNES", "texto_original": "http://sapl.cacu.go.leg.br/media/sapl/public/materialegislativa/2022/2844/req._no_81-2022_-_ver._zilderlei_03.10_-_requer_seja_adquirido_um_aerador_para_o_lago_situado_no_bairro_agua_fria.pdf", "ementa": "Requer seja adquirido um aerador para o lago situado no bairro \u00c1gua Fria."}, {"id": "2845", "ano": "2022", "numero": "82", "tipo__sigla": "REQ", "tipo__descricao": "Requerimento", "autoria": "DALVINA IZABEL", "texto_original": "http://sapl.cacu.go.leg.br/media/sapl/public/materialegislativa/2022/2845/reqm_no_82-2022_-_ver._dalvina_04.10_-_requer_a_criacao_de_ujm_programa_que_disponibilize_as_familias_de_baixa_renda_assistencia_tecnica_publica_e_gratuita_para_o_projeto_....pdf", "ementa": "Requer a cria\u00e7\u00e3o de um programa que disponibilize as fam\u00edlias de baixa renda assist\u00eancia t\u00e9cnica p\u00fablica e gratuita para o projeto e a constru\u00e7\u00e3o de habita\u00e7\u00e3o de interesse social."}, {"id": "2846", "ano": "2022", "numero": "83", "tipo__sigla": "REQ", "tipo__descricao": "Requerimento", "autoria": "DALVINA IZABEL", "texto_original": "http://sapl.cacu.go.leg.br/media/sapl/public/materialegislativa/2022/2846/req._no_83-2022_-_ver._dalvina_04.10_-_requer_a_ornamentacao_de_alguma_praca_de_nosso_municipio_com_objetos_antigos_historicos_de_cacu.pdf", "ementa": "Requer a ornamenta\u00e7\u00e3o de alguma pra\u00e7a de nosso Munic\u00edpio com objetos antigos e hist\u00f3ricos de Ca\u00e7u."}, {"id": "2847", "ano": "2022", "numero": "84", "tipo__sigla": "REQ", "tipo__descricao": "Requerimento", "autoria": "DALVINA IZABEL", "texto_original": "http://sapl.cacu.go.leg.br/media/sapl/public/materialegislativa/2022/2847/req._no_84-2022_-_ver._dalvina_04.10_-_requer_a_criacao_do_programa_escola_sustentavel_nas_instituicoes_de_ensino_publico_do_municipio.pdf", "ementa": "Requer a cria\u00e7\u00e3o do programa \"Escola Sustent\u00e1vel\" nas institui\u00e7\u00f5es de ensino p\u00fablico do Munic\u00edpio."}, {"id": "2859", "ano": "2022", "numero": "85", "tipo__sigla": "REQ", "tipo__descricao": "Requerimento", "autoria": "VIRGINIA BERNARDES", "texto_original": "http://sapl.cacu.go.leg.br/media/sapl/public/materialegislativa/2022/2859/req._no_85-2022_-_ver._virginia_03.11_-_requer_informcoes_sobre_a_atual_situacao_dos_imoveis_e_lotes_que_foram_doados....pdf", "ementa": "Requer informa\u00e7\u00f5es sobre a atual situa\u00e7\u00e3o dos im\u00f3veis/lotes que foram doados pela Prefeitura, bem como, o motivo que n\u00e3o est\u00e1 sendo liberado o alvar\u00e1 aos donat\u00e1rios para a constru\u00e7\u00e3o."}, {"id": "2860", "ano": "2022", "numero": "86", "tipo__sigla": "REQ", "tipo__descricao": "Requerimento", "autoria": "KAK\u00c1 FERRAZ", "texto_original": "http://sapl.cacu.go.leg.br/media/sapl/public/materialegislativa/2022/2860/req._no_86-2022_-_ver._kaka_03.11_-_requer_a_criacao_da_camapanha_cacu_uma_cidade_de_oportunidades.pdf", "ementa": "Requer a cria\u00e7\u00e3o da campanha \"Ca\u00e7u, uma cidade de oportunidades\"."}, {"id": "2861", "ano": "2022", "numero": "87", "tipo__sigla": "REQ", "tipo__descricao": "Requerimento", "autoria": "DALVINA IZABEL", "texto_original": "http://sapl.cacu.go.leg.br/media/sapl/public/materialegislativa/2022/2861/req._no_87-2022_-_ver._dalvina_03.11_-_requer_a_sinalizacao_da_viela_na_praca_bianor_vicente_de_souza..pdf", "ementa": "Requer a sinaliza\u00e7\u00e3o da viela na Pra\u00e7a Bianor Vicente de Souza."}, {"id": "2862", "ano": "2022", "numero": "88", "tipo__sigla": "REQ", "tipo__descricao": "Requerimento", "autoria": "LAURECI LIMA", "texto_original": "http://sapl.cacu.go.leg.br/media/sapl/public/materialegislativa/2022/2862/req._no_88-2022_-_ver._laureci_03.11_-_requer_seja_feito_um_paliativo_as_margens_do_rio_claro..pdf", "ementa": "Requer seja feito um paliativo \u00e0s margens do Rio Claro."}, {"id": "2863", "ano": "2022", "numero": "89", "tipo__sigla": "REQ", "tipo__descricao": "Requerimento", "autoria": "ORLANDO OLIVEIRA", "texto_original": "http://sapl.cacu.go.leg.br/media/sapl/public/materialegislativa/2022/2863/req._no_89-2022_-_ver._orlando_03.11_-_requer_seja_colocado_uma_lombada_na_rua_coronel_manoel_inacio.pdf", "ementa": "Requer seja colocado uma \"lombada\" na Rua Coronel Manoel In\u00e1cio, especificamente em frente a funer\u00e1ria Pax Santa F\u00e9."}, {"id": "2864", "ano": "2022", "numero": "90", "tipo__sigla": "REQ", "tipo__descricao": "Requerimento", "autoria": "VIRGINIA BERNARDES", "texto_original": "http://sapl.cacu.go.leg.br/media/sapl/public/materialegislativa/2022/2864/req._no_90-2022_-_ver._virginia_03.11_-_requer_a_secretaria_de_acao_e_promocao_social_de_cacu_a_relacao_de_folhas_de_ponto_de_servidor....pdf", "ementa": "Requer \u00e0 Secretaria de A\u00e7\u00e3o e Promo\u00e7\u00e3o Social de Ca\u00e7u-GO, a rela\u00e7\u00e3o de folhas de pontos do Servidor LAURECI ALVES DE LIMA, servidor p\u00fablico efetivo e ocupante do cargo de auxiliar administrativo n\u00edvel III da Prefeitura Municipal."}, {"id": "2865", "ano": "2022", "numero": "91", "tipo__sigla": "REQ", "tipo__descricao": "Requerimento", "autoria": "UBALDINO CARDOSO, ALEX PARREIRA, DALVINA IZABEL, KAK\u00c1 FERRAZ, LAURECI LIMA, ORLANDO OLIVEIRA, VIRGINIA BERNARDES, ZILDERLEI NUNES", "texto_original": "http://sapl.cacu.go.leg.br/media/sapl/public/materialegislativa/2022/2865/req._no_91-2022_-_ver._ubaldino_04.11_-_requer_a_abertura_das_vias_dos_seguintes_loteamentos_difonsinho_vitoria_i_e_ii....pdf", "ementa": "Requer a abertura das vias dos seguintes loteamentos: Difonsinho, Vit\u00f3ria I e II, Alto Para\u00edso e Pequeno Trabalhador."}, {"id": "2871", "ano": "2022", "numero": "92", "tipo__sigla": "REQ", "tipo__descricao": "Requerimento", "autoria": "WALTER JUNIOR", "texto_original": "http://sapl.cacu.go.leg.br/media/sapl/public/materialegislativa/2022/2871/req._no_92-2022_-_ver._walter_07.11_-_requer_seja_colocado_uma_lombada_na_go-306_especificamente_em_frente_a_fazenda....pdf", "ementa": "Requer seja colocado uma \"lombada\" na GO-306, especificamente em frente \u00e0 entrada da fazenda do senhor J\u00fanior Bassan."}, {"id": "2872", "ano": "2022", "numero": "93", "tipo__sigla": "REQ", "tipo__descricao": "Requerimento", "autoria": "KAK\u00c1 FERRAZ", "texto_original": "http://sapl.cacu.go.leg.br/media/sapl/public/materialegislativa/2022/2872/req._no_93-2022_-_ver._kaka_07.11_-_requer_a_ampliacao_em_especial_da_cobertura_da_feira_municipal_luzia_maria_prego.pdf", "ementa": "Requer a amplia\u00e7\u00e3o, em especial da cobertura da Feira Municipal Luzia Maria Prego, \"Feira Coberta\"."}, {"id": "2877", "ano": "2022", "numero": "94", "tipo__sigla": "REQ", "tipo__descricao": "Requerimento", "autoria": "WALTER JUNIOR", "texto_original": "http://sapl.cacu.go.leg.br/media/sapl/public/materialegislativa/2022/2877/req._no_94-2022_-_ver._walter_08.11_-_requer_informacoes_do_p.e._referente_a_instalacao_da_cooperativa_de_reciclagem....pdf", "ementa": "Requer informa\u00e7\u00f5es do Poder Executivo referente a instala\u00e7\u00e3o da cooperativa de reciclagem e destina\u00e7\u00e3o final, Coopera Mais Brasil, no munic\u00edpio de Ca\u00e7u."}, {"id": "2878", "ano": "2022", "numero": "95", "tipo__sigla": "REQ", "tipo__descricao": "Requerimento", "autoria": "ORLANDO OLIVEIRA", "texto_original": "http://sapl.cacu.go.leg.br/media/sapl/public/materialegislativa/2022/2878/req._no_95-2022_-_vers._walter_e_orlando_-_requer_a_sinalizacao_da_avenida_clarice_machado_especificamente_em_frente_a_praca_paulo_cezar_junqueiroz.pdf", "ementa": "Requer a sinaliza\u00e7\u00e3o da Avenida Clarice Machado Guimar\u00e3es, especificamente em frente a pra\u00e7a Paulo C\u00e9sar Junqueiroz."}, {"id": "2874", "ano": "2022", "numero": "1", "tipo__sigla": "VETO", "tipo__descricao": "Raz\u00f5es do Veto", "autoria": "Chefe do Poder Executivo", "texto_original": "http://sapl.cacu.go.leg.br/media/sapl/public/materialegislativa/2022/2874/veto_ao_projeto_de_lei_no_38-2022.pdf", "ementa": "Raz\u00f5es e Justificativas do Veto ao Aut\u00f3grafo de Lei n\u00ba 36/2022."}, {"id": "2875", "ano": "2022", "numero": "2", "tipo__sigla": "VETO", "tipo__descricao": "Raz\u00f5es do Veto", "autoria": "Chefe do Poder Executivo", "texto_original": "http://sapl.cacu.go.leg.br/media/sapl/public/materialegislativa/2022/2875/veto_ao_autografo_de_lei_43_-_pl_61.pdf", "ementa": "Raz\u00f5es e Justificativas do Veto ao Aut\u00f3grafo de Lei n\u00ba 43/2022."}, {"id": "2898", "ano": "2022", "numero": "1", "tipo__sigla": "CHAPA", "tipo__descricao": "Registro de Chapa para Elei\u00e7\u00e3o da Mesa Diretora", "autoria": "ZILDERLEI NUNES", "texto_original": "http://sapl.cacu.go.leg.br/media/sapl/public/materialegislativa/2022/2898/requerimento_chapa_mesa_diretora.pdf", "ementa": "SOLICITA REGISTRO DOS NOMES DOS VEREADORES ZILDERLEI, WALTER JUNIOR, VIRG\u00cdNIA E ORLANDO PARA CONCORREREM, RESPECTIVAMENTE AOS CARGOS DE PRESIDENTE, VICE-PRESIDENTE, E 1\u00ba E 2\u00ba SECRET\u00c1RIOS DA MESA DIRETORA PARA A GEST\u00c3O DO ANO DE 2023."}, {"id": "2785", "ano": "2022", "numero": "1", "tipo__sigla": "EMD A", "tipo__descricao": "Emenda Aditiva", "autoria": "ZILDERLEI NUNES", "texto_original": "http://sapl.cacu.go.leg.br/media/sapl/public/materialegislativa/2022/2785/emenda_aditiva_no_01-2022.pdf", "ementa": "Acrescenta dispositivos no Anexo I, do Projeto de Lei acima identificado."}, {"id": "2795", "ano": "2022", "numero": "2", "tipo__sigla": "EMD A", "tipo__descricao": "Emenda Aditiva", "autoria": "ALEX PARREIRA", "texto_original": "http://sapl.cacu.go.leg.br/media/sapl/public/materialegislativa/2022/2795/emenda_aditiva_no_02-2022.pdf", "ementa": "Acrescenta par\u00e1grafo \u00fanico no Art. 108 do Projeto de Lei acima identificado"}, {"id": "2881", "ano": "2022", "numero": "3", "tipo__sigla": "EMD A", "tipo__descricao": "Emenda Aditiva", "autoria": "ORLANDO OLIVEIRA", "texto_original": "http://sapl.cacu.go.leg.br/media/sapl/public/materialegislativa/2022/2881/emenda_aditiva_no_03-2022.pdf", "ementa": "Inclui dispositivos ao Art. 2\u00ba do Projeto de Lei acima identificado. (Projeto de Lei n\u00ba 57/2022)"}]}