{"headers": {"id": "ID", "ano": "Ano", "numero": "N\u00famero", "tipo__sigla": "Tipo de Mat\u00e9ria Legislativa/Sigla", "tipo__descricao": "Tipo de Mat\u00e9ria Legislativa/Descri\u00e7\u00e3o", "autoria": "Autorias", "texto_original": "Texto Original", "ementa": "Ementa"}, "results": [{"id": "4030", "ano": "2000", "numero": "1", "tipo__sigla": "PDL", "tipo__descricao": "Projeto de Decreto Legislativo", "autoria": "ADAIR PURCENA", "texto_original": "http://sapl.cacu.go.leg.br/media/sapl/public/materialegislativa/2000/4030/projeto_de_decreto_legislativo_01_2000.pdf", "ementa": "Aprova o balancete municipal referente ao m\u00eas de Dezembro de 1998."}, {"id": "4031", "ano": "2000", "numero": "2", "tipo__sigla": "PDL", "tipo__descricao": "Projeto de Decreto Legislativo", "autoria": "ADAIR PURCENA", "texto_original": "http://sapl.cacu.go.leg.br/media/sapl/public/materialegislativa/2000/4031/projeto_de_decreto_legislativo_02_2000.pdf", "ementa": "Aprova o balancete do IMPAS Instituto Municipal de Previd\u00eancia e Assist\u00eancia Social referente ao m\u00eas de Mar\u00e7o de 1999."}, {"id": "4032", "ano": "2000", "numero": "3", "tipo__sigla": "PDL", "tipo__descricao": "Projeto de Decreto Legislativo", "autoria": "ADAIR PURCENA", "texto_original": "http://sapl.cacu.go.leg.br/media/sapl/public/materialegislativa/2000/4032/projeto_de_decreto_legislativo_03_2000.pdf", "ementa": "Aprova o balancete do IMPAS Instituto Municipal de Previd\u00eancia Social e Assist\u00eancia Social referente ao m\u00eas de Abril de 1999."}, {"id": "4033", "ano": "2000", "numero": "4", "tipo__sigla": "PDL", "tipo__descricao": "Projeto de Decreto Legislativo", "autoria": "ADAIR PURCENA", "texto_original": "http://sapl.cacu.go.leg.br/media/sapl/public/materialegislativa/2000/4033/projeto_de_decreto_legislativo_04_2000.pdf", "ementa": "Aprova o balancete do IMPAS Instituto Municipal de Previd\u00eancia e Assist\u00eancia Social referente ao m\u00eas de Maio de 1999."}, {"id": "4034", "ano": "2000", "numero": "5", "tipo__sigla": "PDL", "tipo__descricao": "Projeto de Decreto Legislativo", "autoria": "ADAIR PURCENA", "texto_original": "http://sapl.cacu.go.leg.br/media/sapl/public/materialegislativa/2000/4034/projeto_de_decreto_legislativo_05_2000.pdf", "ementa": "Aprova a presta\u00e7\u00e3o de contas e aplica\u00e7\u00e3o de recursos oriundos do FNAS repassados \u00e0 Creche Municipal Comecinho de Vida referente ao m\u00eas de Fevereiro de 1999."}, {"id": "4035", "ano": "2000", "numero": "6", "tipo__sigla": "PDL", "tipo__descricao": "Projeto de Decreto Legislativo", "autoria": "ADAIR PURCENA", "texto_original": "http://sapl.cacu.go.leg.br/media/sapl/public/materialegislativa/2000/4035/projeto_de_decreto_legislativo_06_2000.pdf", "ementa": "Aprova a presta\u00e7\u00e3o de contas e aplica\u00e7\u00e3o de recursos oriundos do FNAS repassados \u00e0 Creche Municipal Comecinho de Vida referente ao m\u00eas de Mar\u00e7o de 1999."}, {"id": "4036", "ano": "2000", "numero": "7", "tipo__sigla": "PDL", "tipo__descricao": "Projeto de Decreto Legislativo", "autoria": "ADAIR PURCENA", "texto_original": "http://sapl.cacu.go.leg.br/media/sapl/public/materialegislativa/2000/4036/projeto_de_decreto_legislativo_07_2000.pdf", "ementa": "Aprova a presta\u00e7\u00e3o de contas e aplica\u00e7\u00e3o de recursos oriundos do FNAS repassados ao Projeto Conviver, referente ao m\u00eas de Fevereiro de 1999."}, {"id": "4037", "ano": "2000", "numero": "8", "tipo__sigla": "PDL", "tipo__descricao": "Projeto de Decreto Legislativo", "autoria": "ADAIR PURCENA", "texto_original": "http://sapl.cacu.go.leg.br/media/sapl/public/materialegislativa/2000/4037/projeto_de_decreto_legislativo_08_2000.pdf", "ementa": "Aprova a presta\u00e7\u00e3o de contas e aplica\u00e7\u00e3o de recursos oriundos do FNAS repassados ao Dispens\u00e1rio Esp\u00edrita Adolpho Bezerra de Menezes, referente ao m\u00eas de Abril de 1999."}, {"id": "4038", "ano": "2000", "numero": "9", "tipo__sigla": "PDL", "tipo__descricao": "Projeto de Decreto Legislativo", "autoria": "ADAIR PURCENA", "texto_original": "http://sapl.cacu.go.leg.br/media/sapl/public/materialegislativa/2000/4038/projeto_de_decreto_legislativo_09_2000.pdf", "ementa": "Aprova\u00e7\u00e3o a Presta\u00e7\u00e3o de Contas de aplica\u00e7\u00e3o oriundos do FNAS repassados ao Dispens\u00e1rio Adoplho Bezerra de Menezes , referente ao m\u00eas de Maio de 1999."}, {"id": "4039", "ano": "2000", "numero": "10", "tipo__sigla": "PDL", "tipo__descricao": "Projeto de Decreto Legislativo", "autoria": "ADAIR PURCENA", "texto_original": "http://sapl.cacu.go.leg.br/media/sapl/public/materialegislativa/2000/4039/projeto_de_decreto_legislativo_10_2000.pdf", "ementa": "Aprova\u00e7\u00e3o a Presta\u00e7\u00e3o de Contas de aplica\u00e7\u00e3o oriundos do FNAS repassados \u00e0 Apae, referente ao m\u00eas de Janeiro de 1999."}, {"id": "4040", "ano": "2000", "numero": "11", "tipo__sigla": "PDL", "tipo__descricao": "Projeto de Decreto Legislativo", "autoria": "ADAIR PURCENA", "texto_original": "http://sapl.cacu.go.leg.br/media/sapl/public/materialegislativa/2000/4040/projeto_de_decreto_legislativo_11_2000.pdf", "ementa": "Aprova\u00e7\u00e3o a Presta\u00e7\u00e3o de Contas de aplica\u00e7\u00e3o oriundos do FNAS repassados \u00e0 APAE , referente ao m\u00eas de Maio de 1999."}, {"id": "4041", "ano": "2000", "numero": "12", "tipo__sigla": "PDL", "tipo__descricao": "Projeto de Decreto Legislativo", "autoria": "ADAIR PURCENA", "texto_original": "http://sapl.cacu.go.leg.br/media/sapl/public/materialegislativa/2000/4041/projeto_de_decreto_legislativo_12_2000.pdf", "ementa": "Aprova\u00e7\u00e3o a Presta\u00e7\u00e3o de Contas de aplica\u00e7\u00e3o oriundos do FNAS repassados \u00e0 Associa\u00e7\u00e3o Ana Cust\u00f3dia de Jesus  , referentes aos meses de Janeiro a Abril de 1999."}, {"id": "4042", "ano": "2000", "numero": "13", "tipo__sigla": "PDL", "tipo__descricao": "Projeto de Decreto Legislativo", "autoria": "ADAIR PURCENA", "texto_original": "http://sapl.cacu.go.leg.br/media/sapl/public/materialegislativa/2000/4042/projeto_de_decreto_legislativo_13_2000.pdf", "ementa": "Aprova\u00e7\u00e3o a Presta\u00e7\u00e3o de Contas de aplica\u00e7\u00e3o oriundos do FNAS repassados \u00e0 Associa\u00e7\u00e3o Ana Cust\u00f3dia de Jesus , referente ao m\u00eas de Maio de 1999."}, {"id": "4043", "ano": "2000", "numero": "14", "tipo__sigla": "PDL", "tipo__descricao": "Projeto de Decreto Legislativo", "autoria": "ADAIR PURCENA", "texto_original": "http://sapl.cacu.go.leg.br/media/sapl/public/materialegislativa/2000/4043/projeto_de_decreto_legislativo_14_2000.pdf", "ementa": "Aprova o balancete do Munic\u00edpio de Ca\u00e7u -FUMDER- referente ao m\u00eas de Junho de 1999."}, {"id": "4044", "ano": "2000", "numero": "15", "tipo__sigla": "PDL", "tipo__descricao": "Projeto de Decreto Legislativo", "autoria": "ADAIR PURCENA", "texto_original": "http://sapl.cacu.go.leg.br/media/sapl/public/materialegislativa/2000/4044/projeto_de_decreto_legislativo_15_2000.pdf", "ementa": "Aprova o balancete municipal referente ao m\u00eas de Mar\u00e7o de 1999."}, {"id": "4045", "ano": "2000", "numero": "16", "tipo__sigla": "PDL", "tipo__descricao": "Projeto de Decreto Legislativo", "autoria": "ADAIR PURCENA", "texto_original": "http://sapl.cacu.go.leg.br/media/sapl/public/materialegislativa/2000/4045/projeto_de_decreto_legislativo_16_2000.pdf", "ementa": "Aprova o balancete municipal referente ao m\u00eas de Abril de 1999."}, {"id": "4046", "ano": "2000", "numero": "17", "tipo__sigla": "PDL", "tipo__descricao": "Projeto de Decreto Legislativo", "autoria": "ADAIR PURCENA", "texto_original": "http://sapl.cacu.go.leg.br/media/sapl/public/materialegislativa/2000/4046/projeto_de_decreto_legislativo_17_2000.pdf", "ementa": "Aprova o balancete do IMPAS -Instituto Municipal de Previd\u00eancia e Assist\u00eancia Social referente ao m\u00eas de 1999."}, {"id": "4047", "ano": "2000", "numero": "18", "tipo__sigla": "PDL", "tipo__descricao": "Projeto de Decreto Legislativo", "autoria": "ADAIR PURCENA", "texto_original": "http://sapl.cacu.go.leg.br/media/sapl/public/materialegislativa/2000/4047/projeto_de_decreto_legislativo_18_2000.pdf", "ementa": "Aprova o balancete do Munic\u00edpio de Ca\u00e7u -FUMDER- referente ao m\u00eas de Mar\u00e7o de 1999."}, {"id": "4048", "ano": "2000", "numero": "19", "tipo__sigla": "PDL", "tipo__descricao": "Projeto de Decreto Legislativo", "autoria": "ADAIR PURCENA", "texto_original": "http://sapl.cacu.go.leg.br/media/sapl/public/materialegislativa/2000/4048/projeto_de_decreto_legislativo_19_2000.pdf", "ementa": "Aprova\u00e7\u00e3o a Presta\u00e7\u00e3o de Contas de aplica\u00e7\u00e3o oriundos do FNAS repassados \u00e0 Creche Municipal Comecinho de Vida , referente ao m\u00eas de Maio de 1999."}, {"id": "4049", "ano": "2000", "numero": "20", "tipo__sigla": "PDL", "tipo__descricao": "Projeto de Decreto Legislativo", "autoria": "ADAIR PURCENA", "texto_original": "http://sapl.cacu.go.leg.br/media/sapl/public/materialegislativa/2000/4049/projeto_de_decreto_legislativo_20_2000.pdf", "ementa": "Aprova\u00e7\u00e3o a Presta\u00e7\u00e3o de Contas de aplica\u00e7\u00e3o oriundos do FNAS repassados \u00e0 Creche Municipal Comecinho de Vida , referente ao m\u00eas de Junho de 1999."}, {"id": "4050", "ano": "2000", "numero": "21", "tipo__sigla": "PDL", "tipo__descricao": "Projeto de Decreto Legislativo", "autoria": "ADAIR PURCENA", "texto_original": "http://sapl.cacu.go.leg.br/media/sapl/public/materialegislativa/2000/4050/projeto_de_decreto_legislativo_21_2000.pdf", "ementa": "Aprova\u00e7\u00e3o a Presta\u00e7\u00e3o de Contas de aplica\u00e7\u00e3o oriundos do FNAS repassados ao Projeto Conviver, referente ao m\u00eas de Maio de 1999."}, {"id": "4051", "ano": "2000", "numero": "22", "tipo__sigla": "PDL", "tipo__descricao": "Projeto de Decreto Legislativo", "autoria": "ADAIR PURCENA", "texto_original": "http://sapl.cacu.go.leg.br/media/sapl/public/materialegislativa/2000/4051/projeto_de_decreto_legislativo_22_2000.pdf", "ementa": "Aprova\u00e7\u00e3o a Presta\u00e7\u00e3o de Contas de aplica\u00e7\u00e3o oriundos do FNAS repassados ao Projeto Conviver, referente ao m\u00eas de Junho de 1999."}, {"id": "4052", "ano": "2000", "numero": "23", "tipo__sigla": "PDL", "tipo__descricao": "Projeto de Decreto Legislativo", "autoria": "ADAIR PURCENA", "texto_original": "http://sapl.cacu.go.leg.br/media/sapl/public/materialegislativa/2000/4052/projeto_de_decreto_legislativo_23_2000.pdf", "ementa": "Aprova\u00e7\u00e3o a Presta\u00e7\u00e3o de Contas de aplica\u00e7\u00e3o oriundos do FNAS repassados \u00e0 APAE, referente ao m\u00eas de Mar\u00e7o de 1999."}, {"id": "4053", "ano": "2000", "numero": "24", "tipo__sigla": "PDL", "tipo__descricao": "Projeto de Decreto Legislativo", "autoria": "ADAIR PURCENA", "texto_original": "http://sapl.cacu.go.leg.br/media/sapl/public/materialegislativa/2000/4053/projeto_de_decreto_legislativo_24_2000.pdf", "ementa": "Aprova\u00e7\u00e3o a Presta\u00e7\u00e3o de Contas de aplica\u00e7\u00e3o oriundos do FNAS repassados ao Projeto Conviver, referente ao m\u00eas de Abril de 1999."}, {"id": "4054", "ano": "2000", "numero": "25", "tipo__sigla": "PDL", "tipo__descricao": "Projeto de Decreto Legislativo", "autoria": "ADAIR PURCENA", "texto_original": "http://sapl.cacu.go.leg.br/media/sapl/public/materialegislativa/2000/4054/projeto_de_decreto_legislativo_25_2000.pdf", "ementa": "Aprova o balancete municipal referente ao m\u00eas de Maio de 1999."}, {"id": "4055", "ano": "2000", "numero": "26", "tipo__sigla": "PDL", "tipo__descricao": "Projeto de Decreto Legislativo", "autoria": "ADAIR PURCENA", "texto_original": "http://sapl.cacu.go.leg.br/media/sapl/public/materialegislativa/2000/4055/projeto_de_decreto_legislativo_26_2000.pdf", "ementa": "Aprova o balancete municipal referente ao m\u00eas de Junho de 1999."}, {"id": "4056", "ano": "2000", "numero": "27", "tipo__sigla": "PDL", "tipo__descricao": "Projeto de Decreto Legislativo", "autoria": "ADAIR PURCENA", "texto_original": "http://sapl.cacu.go.leg.br/media/sapl/public/materialegislativa/2000/4056/projeto_de_decreto_legislativo_27_2000.pdf", "ementa": "Aprova o balancete municipal referente ao m\u00eas de Julho de 1999."}, {"id": "4057", "ano": "2000", "numero": "28", "tipo__sigla": "PDL", "tipo__descricao": "Projeto de Decreto Legislativo", "autoria": "ADAIR PURCENA", "texto_original": "http://sapl.cacu.go.leg.br/media/sapl/public/materialegislativa/2000/4057/projeto_de_decreto_legislativo_28_2000.pdf", "ementa": "Aprova o balancete municipal referente ao m\u00eas de Agosto de 1999."}, {"id": "4058", "ano": "2000", "numero": "29", "tipo__sigla": "PDL", "tipo__descricao": "Projeto de Decreto Legislativo", "autoria": "ADAIR PURCENA", "texto_original": "http://sapl.cacu.go.leg.br/media/sapl/public/materialegislativa/2000/4058/projeto_de_decreto_legislativo_29_2000.pdf", "ementa": "Aprova\u00e7\u00e3o a Presta\u00e7\u00e3o de Contas de aplica\u00e7\u00e3o oriundos do FNAS repassados \u00e0 Apae , referente ao m\u00eas de Junho de 1999."}, {"id": "4059", "ano": "2000", "numero": "30", "tipo__sigla": "PDL", "tipo__descricao": "Projeto de Decreto Legislativo", "autoria": "ADAIR PURCENA", "texto_original": "http://sapl.cacu.go.leg.br/media/sapl/public/materialegislativa/2000/4059/projeto_de_decreto_legislativo_30_2000.pdf", "ementa": "Aprova\u00e7\u00e3o a Presta\u00e7\u00e3o de Contas de aplica\u00e7\u00e3o oriundos do FNAS repassados ao Projeto Conviver, referente ao m\u00eas de Abril de 1999."}, {"id": "4060", "ano": "2000", "numero": "31", "tipo__sigla": "PDL", "tipo__descricao": "Projeto de Decreto Legislativo", "autoria": "ADAIR PURCENA", "texto_original": "http://sapl.cacu.go.leg.br/media/sapl/public/materialegislativa/2000/4060/projeto_de_decreto_legislativo_31_2000.pdf", "ementa": "Aprova\u00e7\u00e3o a Presta\u00e7\u00e3o de Contas de aplica\u00e7\u00e3o oriundos do FNAS repassados ao Projeto Conviver, referente ao m\u00eas de Julho de 1999."}, {"id": "4061", "ano": "2000", "numero": "32", "tipo__sigla": "PDL", "tipo__descricao": "Projeto de Decreto Legislativo", "autoria": "ADAIR PURCENA", "texto_original": "http://sapl.cacu.go.leg.br/media/sapl/public/materialegislativa/2000/4061/projeto_de_decreto_legislativo_32_2000.pdf", "ementa": "Aprova\u00e7\u00e3o a Presta\u00e7\u00e3o de Contas de aplica\u00e7\u00e3o oriundos do FNAS repassados \u00e0 Creche Municipal Comecinho de Vida, referente ao m\u00eas de Abril de 1999."}, {"id": "4062", "ano": "2000", "numero": "33", "tipo__sigla": "PDL", "tipo__descricao": "Projeto de Decreto Legislativo", "autoria": "ADAIR PURCENA", "texto_original": "http://sapl.cacu.go.leg.br/media/sapl/public/materialegislativa/2000/4062/projeto_de_decreto_legislativo_33_2000.pdf", "ementa": "Aprova\u00e7\u00e3o a Presta\u00e7\u00e3o de Contas de aplica\u00e7\u00e3o oriundos do FNAS repassados \u00e0 Creche Comecinho de Vida, referente ao m\u00eas de Julho de 1999."}, {"id": "4072", "ano": "2000", "numero": "34", "tipo__sigla": "PDL", "tipo__descricao": "Projeto de Decreto Legislativo", "autoria": "ADAIR PURCENA", "texto_original": "http://sapl.cacu.go.leg.br/media/sapl/public/materialegislativa/2000/4072/projeto_de_decreto_legislativo_34_2000.pdf", "ementa": "Aprova\u00e7\u00e3o a Presta\u00e7\u00e3o de Contas de aplica\u00e7\u00e3o oriundos do FNAS repassados \u00e0 Associa\u00e7\u00e3o Ana Cust\u00f3dia de Jesus , referente ao m\u00eas de Junho de 1999."}, {"id": "4063", "ano": "2000", "numero": "35", "tipo__sigla": "PDL", "tipo__descricao": "Projeto de Decreto Legislativo", "autoria": "ADAIR PURCENA", "texto_original": "http://sapl.cacu.go.leg.br/media/sapl/public/materialegislativa/2000/4063/projeto_de_decreto_legislativo_35_2000.pdf", "ementa": "Aprova o balancete do munic\u00edpio de Ca\u00e7u -FUMDER referente ao m\u00eas de Abril de 1999."}, {"id": "4064", "ano": "2000", "numero": "36", "tipo__sigla": "PDL", "tipo__descricao": "Projeto de Decreto Legislativo", "autoria": "ADAIR PURCENA", "texto_original": "http://sapl.cacu.go.leg.br/media/sapl/public/materialegislativa/2000/4064/projeto_de_decreto_legislativo_36_2000.pdf", "ementa": "Aprova o balancete do munic\u00edpio de Ca\u00e7u -FUMDER referente ao m\u00eas de Maio de 1999."}, {"id": "4065", "ano": "2000", "numero": "37", "tipo__sigla": "PDL", "tipo__descricao": "Projeto de Decreto Legislativo", "autoria": "ADAIR PURCENA", "texto_original": "http://sapl.cacu.go.leg.br/media/sapl/public/materialegislativa/2000/4065/projeto_de_decreto_legislativo_37_2000.pdf", "ementa": "Aprova o balancete do IMPAS Instituto Municipal de Previd\u00eancia e Assist\u00eancia Social referente ao m\u00eas de Julho de 1999."}, {"id": "4066", "ano": "2000", "numero": "38", "tipo__sigla": "PDL", "tipo__descricao": "Projeto de Decreto Legislativo", "autoria": "ADAIR PURCENA", "texto_original": "http://sapl.cacu.go.leg.br/media/sapl/public/materialegislativa/2000/4066/projeto_de_decreto_legislativo_38_2000.pdf", "ementa": "Aprova o balancete do IMPAS Instituto Municipal de Previd\u00eancia e Assist\u00eancia Social referente ao m\u00eas de Agosto de 1999."}, {"id": "4067", "ano": "2000", "numero": "39", "tipo__sigla": "PDL", "tipo__descricao": "Projeto de Decreto Legislativo", "autoria": "", "texto_original": "http://sapl.cacu.go.leg.br/media/sapl/public/materialegislativa/2000/4067/projeto_de_decreto_legislativo_39_2000.pdf", "ementa": "Aprova a presta\u00e7\u00e3o de contas e aplica\u00e7\u00e3o de recursos oriundos do FNAS repassados ao Dispens\u00e1rio Esp\u00edrita Adolpho Bezerra de Menezes, referente ao m\u00eas de Fevereiro de 1999."}, {"id": "4068", "ano": "2000", "numero": "40", "tipo__sigla": "PDL", "tipo__descricao": "Projeto de Decreto Legislativo", "autoria": "ADAIR PURCENA", "texto_original": "http://sapl.cacu.go.leg.br/media/sapl/public/materialegislativa/2000/4068/projeto_de_decreto_legislativo_40_2000.pdf", "ementa": "Aprova a presta\u00e7\u00e3o de contas e aplica\u00e7\u00e3o de recursos oriundos do FNAS repassados ao Dispens\u00e1rio Esp\u00edrita Adolpho Bezerra de Menezes, referente ao m\u00eas de Abril de 1999."}, {"id": "4069", "ano": "2000", "numero": "41", "tipo__sigla": "PDL", "tipo__descricao": "Projeto de Decreto Legislativo", "autoria": "ADAIR PURCENA", "texto_original": "http://sapl.cacu.go.leg.br/media/sapl/public/materialegislativa/2000/4069/projeto_de_decreto_legislativo_41_2000.pdf", "ementa": "Aprova a presta\u00e7\u00e3o de contas e aplica\u00e7\u00e3o de recursos oriundos do FNAS repassados ao Dispens\u00e1rio Esp\u00edrita Adolpho Bezerra de Menezes, referente ao m\u00eas de Junho de 1999."}, {"id": "4070", "ano": "2000", "numero": "42", "tipo__sigla": "PDL", "tipo__descricao": "Projeto de Decreto Legislativo", "autoria": "ADAIR PURCENA", "texto_original": "http://sapl.cacu.go.leg.br/media/sapl/public/materialegislativa/2000/4070/projeto_de_decreto_legislativo_42_2000.pdf", "ementa": "Aprova a presta\u00e7\u00e3o de contas e aplica\u00e7\u00e3o de recursos oriundos do FNAS repassados ao Dispens\u00e1rio Esp\u00edrita Adolpho Bezerra de Menezes, referente ao m\u00eas de Julho de 1999."}, {"id": "4071", "ano": "2000", "numero": "43", "tipo__sigla": "PDL", "tipo__descricao": "Projeto de Decreto Legislativo", "autoria": "ADAIR PURCENA", "texto_original": "http://sapl.cacu.go.leg.br/media/sapl/public/materialegislativa/2000/4071/projeto_de_decreto_legislativo_43_2000.pdf", "ementa": "Aprova o balancete municipal referente ao m\u00eas de Setembro de 1999."}, {"id": "3672", "ano": "2000", "numero": "1", "tipo__sigla": "PLO", "tipo__descricao": "Projeto de Lei Ordin\u00e1ria", "autoria": "Chefe do Poder Executivo", "texto_original": "http://sapl.cacu.go.leg.br/media/sapl/public/materialegislativa/2000/3672/projeto_de_lei_01-200016082023.pdf", "ementa": "Disp\u00f5e sobre autoriza\u00e7\u00e3o para ceder sob o regime de cess\u00e3o de uso, sem \u00f4nus, de bem p\u00fablico e d\u00e1 outras provid\u00eancias."}, {"id": "3878", "ano": "2000", "numero": "2", "tipo__sigla": "PLO", "tipo__descricao": "Projeto de Lei Ordin\u00e1ria", "autoria": "Chefe do Poder Executivo", "texto_original": "http://sapl.cacu.go.leg.br/media/sapl/public/materialegislativa/2000/3878/projeto_de_lei_no_02-2000_000054.pdf", "ementa": "Estima receita e fixa despesa do munic\u00edpio para o exerc\u00edcio de 2000."}, {"id": "3673", "ano": "2000", "numero": "3", "tipo__sigla": "PLO", "tipo__descricao": "Projeto de Lei Ordin\u00e1ria", "autoria": "Chefe do Poder Executivo", "texto_original": "http://sapl.cacu.go.leg.br/media/sapl/public/materialegislativa/2000/3673/projeto_de_lei_03-200016082023.pdf", "ementa": "Disp\u00f5e autoriza\u00e7\u00e3o para aquisi\u00e7\u00e3o de im\u00f3vel e da outras provid\u00eancias."}, {"id": "3674", "ano": "2000", "numero": "4", "tipo__sigla": "PLO", "tipo__descricao": "Projeto de Lei Ordin\u00e1ria", "autoria": "Chefe do Poder Executivo", "texto_original": "http://sapl.cacu.go.leg.br/media/sapl/public/materialegislativa/2000/3674/projeto_de_lei_04-200016082023.pdf", "ementa": "Altera a denomina\u00e7\u00e3o da Vila Mutir\u00e3o para Bairro Santa Luzia e d\u00e1 outras provid\u00eancias."}, {"id": "3675", "ano": "2000", "numero": "5", "tipo__sigla": "PLO", "tipo__descricao": "Projeto de Lei Ordin\u00e1ria", "autoria": "Chefe do Poder Executivo", "texto_original": "http://sapl.cacu.go.leg.br/media/sapl/public/materialegislativa/2000/3675/projeto_de_lei_05-200016082023.pdf", "ementa": "Disp\u00f5e sobre a abertura de cr\u00e9dito adicional especial."}, {"id": "3676", "ano": "2000", "numero": "6", "tipo__sigla": "PLO", "tipo__descricao": "Projeto de Lei Ordin\u00e1ria", "autoria": "Chefe do Poder Executivo", "texto_original": "http://sapl.cacu.go.leg.br/media/sapl/public/materialegislativa/2000/3676/projeto_de_lei_06-200016082023.pdf", "ementa": "Disp\u00f5e sobre diretrizes or\u00e7ament\u00e1rias para o exerc\u00edcio financeiro de 2001 e d\u00e1 outras provid\u00eancias."}, {"id": "3677", "ano": "2000", "numero": "7", "tipo__sigla": "PLO", "tipo__descricao": "Projeto de Lei Ordin\u00e1ria", "autoria": "Chefe do Poder Executivo", "texto_original": "http://sapl.cacu.go.leg.br/media/sapl/public/materialegislativa/2000/3677/projeto_de_lei_07-200016082023.pdf", "ementa": "Disp\u00f5e sobre contrata\u00e7\u00e3o tempor\u00e1ria e d\u00e1 outras provid\u00eancias."}, {"id": "3678", "ano": "2000", "numero": "8", "tipo__sigla": "PLO", "tipo__descricao": "Projeto de Lei Ordin\u00e1ria", "autoria": "Chefe do Poder Executivo", "texto_original": "http://sapl.cacu.go.leg.br/media/sapl/public/materialegislativa/2000/3678/projeto_de_lei_08-200016082023.pdf", "ementa": "Fixa os limites da \u00e1rea do per\u00edmetro urbano da sede do Munic\u00edpio de Ca\u00e7u."}, {"id": "3690", "ano": "2000", "numero": "9", "tipo__sigla": "PLO", "tipo__descricao": "Projeto de Lei Ordin\u00e1ria", "autoria": "Chefe do Poder Executivo", "texto_original": "http://sapl.cacu.go.leg.br/media/sapl/public/materialegislativa/2000/3690/projeto_de_lei_09-200016082023.pdf", "ementa": "Disp\u00f5e sobre doa\u00e7\u00e3o de im\u00f3vel urbano \u00e0 Diocese do Divino Esp\u00edrito Santo de Jata\u00ed, e d\u00e1 outras provid\u00eancias."}, {"id": "3692", "ano": "2000", "numero": "10", "tipo__sigla": "PLO", "tipo__descricao": "Projeto de Lei Ordin\u00e1ria", "autoria": "Chefe do Poder Executivo", "texto_original": "http://sapl.cacu.go.leg.br/media/sapl/public/materialegislativa/2000/3692/projeto_de_lei_10-200016082023.pdf", "ementa": "Disp\u00f5e sobre aprova\u00e7\u00e3o do Loteamento \"Jardim \u00c1gua Fria\" e autoriza doa\u00e7\u00e3o de terrenos \u00e0 fam\u00edlia de baixa renda."}, {"id": "3696", "ano": "2000", "numero": "11", "tipo__sigla": "PLO", "tipo__descricao": "Projeto de Lei Ordin\u00e1ria", "autoria": "Chefe do Poder Executivo", "texto_original": "http://sapl.cacu.go.leg.br/media/", "ementa": "Altera dispositivo da Lei Municipal n\u00b0 1.196199, de 26 de outubro de 1999, e d\u00e1 outras provid\u00eancias."}, {"id": "3698", "ano": "2000", "numero": "12", "tipo__sigla": "PLO", "tipo__descricao": "Projeto de Lei Ordin\u00e1ria", "autoria": "Chefe do Poder Executivo", "texto_original": "http://sapl.cacu.go.leg.br/media/sapl/public/materialegislativa/2000/3698/projeto_de_lei_12-200017082023.pdf", "ementa": "Disp\u00f5e sobre reajuste dos vencimentos dos Servidores P\u00fablicos da Prefeitura Municipal de Ca\u00e7u e d\u00e1 outras provid\u00eancias."}, {"id": "3705", "ano": "2000", "numero": "13", "tipo__sigla": "PLO", "tipo__descricao": "Projeto de Lei Ordin\u00e1ria", "autoria": "Chefe do Poder Executivo", "texto_original": "http://sapl.cacu.go.leg.br/media/sapl/public/materialegislativa/2000/3705/projeto_de_lei_13-200021082023.pdf", "ementa": "Disp\u00f5e sobre altera\u00e7\u00e3o de destina\u00e7\u00e3o da \u00e1rea A.P.M.-1 do Conjunto Boa Vista e d\u00e1 outras provid\u00eancias."}, {"id": "3706", "ano": "2000", "numero": "14", "tipo__sigla": "PLO", "tipo__descricao": "Projeto de Lei Ordin\u00e1ria", "autoria": "Chefe do Poder Executivo", "texto_original": "http://sapl.cacu.go.leg.br/media/sapl/public/materialegislativa/2000/3706/projeto_de_lei_14-200021082023.pdf", "ementa": "\"Autoriza desconto nos repasses do ICMS e d\u00e1 outras provid\u00eancias.\""}, {"id": "3707", "ano": "2000", "numero": "15", "tipo__sigla": "PLO", "tipo__descricao": "Projeto de Lei Ordin\u00e1ria", "autoria": "Chefe do Poder Executivo", "texto_original": "http://sapl.cacu.go.leg.br/media/sapl/public/materialegislativa/2000/3707/projeto_de_lei_15-200021082023.pdf", "ementa": "Disp\u00f5e sobre doa\u00e7\u00e3o de im\u00f3vel urbano \u00e0 Ordem Espiritualista Crist\u00e3 Vale do Amanhecer de Ca\u00e7u, e d\u00e1 outras provid\u00eancias."}, {"id": "3732", "ano": "2000", "numero": "16", "tipo__sigla": "PLO", "tipo__descricao": "Projeto de Lei Ordin\u00e1ria", "autoria": "Chefe do Poder Executivo", "texto_original": "http://sapl.cacu.go.leg.br/media/sapl/public/materialegislativa/2000/3732/projeto_de_lei_16-200022082023.pdf", "ementa": "Disp\u00f5e sobre venda de Caminh\u00e3o e d\u00e1 outras provid\u00eancias."}, {"id": "3733", "ano": "2000", "numero": "17", "tipo__sigla": "PLO", "tipo__descricao": "Projeto de Lei Ordin\u00e1ria", "autoria": "Chefe do Poder Executivo", "texto_original": "http://sapl.cacu.go.leg.br/media/sapl/public/materialegislativa/2000/3733/projeto_de_lei_17-200022082023.pdf", "ementa": "Disp\u00f5e sobre doa\u00e7\u00e3o de im\u00f3vel urbano \u00e0 Legi\u00e3o da Boa Vontade - LBV, e d\u00e1 outras provid\u00eancias."}, {"id": "3735", "ano": "2000", "numero": "18", "tipo__sigla": "PLO", "tipo__descricao": "Projeto de Lei Ordin\u00e1ria", "autoria": "Chefe do Poder Executivo", "texto_original": "http://sapl.cacu.go.leg.br/media/sapl/public/materialegislativa/2000/3735/projeto_de_lei_18-200022082023.pdf", "ementa": "Disp\u00f5e sobre suplementa\u00e7\u00e3o de cr\u00e9ditos or\u00e7ament\u00e1rios dos Fundos Municipais e/ou Autarquias Municipais."}, {"id": "3736", "ano": "2000", "numero": "19", "tipo__sigla": "PLO", "tipo__descricao": "Projeto de Lei Ordin\u00e1ria", "autoria": "Chefe do Poder Executivo", "texto_original": "http://sapl.cacu.go.leg.br/media/sapl/public/materialegislativa/2000/3736/projeto_de_lei_19-200022082023.pdf", "ementa": "Disp\u00f5e sobre doa\u00e7\u00f5es de im\u00f3veis urbanos ao Estado de Goi\u00e1s e \u00e0 fam\u00edlias carentes, e d\u00e1 outras provid\u00eancias."}, {"id": "3879", "ano": "2000", "numero": "20", "tipo__sigla": "PLO", "tipo__descricao": "Projeto de Lei Ordin\u00e1ria", "autoria": "Chefe do Poder Executivo", "texto_original": "http://sapl.cacu.go.leg.br/media/sapl/public/materialegislativa/2000/3879/projeto_de_lei_no_20-2000_000056.pdf", "ementa": "Autoriza o recebimento de im\u00f3vel urbano em da\u00e7\u00e3o em pagamento de IPTU e ITU e d\u00e1 outras provid\u00eancias."}, {"id": "3880", "ano": "2000", "numero": "21", "tipo__sigla": "PLO", "tipo__descricao": "Projeto de Lei Ordin\u00e1ria", "autoria": "Chefe do Poder Executivo", "texto_original": "http://sapl.cacu.go.leg.br/media/sapl/public/materialegislativa/2000/3880/projeto_de_lei_no_21-2000_000057.pdf", "ementa": "Disp\u00f5e sobre doa\u00e7\u00e3o de uma \u00e1rea de terrenos urbanos, e d\u00e1 outras provid\u00eancias."}, {"id": "3881", "ano": "2000", "numero": "22", "tipo__sigla": "PLO", "tipo__descricao": "Projeto de Lei Ordin\u00e1ria", "autoria": "JACINTO NUNES", "texto_original": "http://sapl.cacu.go.leg.br/media/sapl/public/materialegislativa/2000/3881/projeto_de_lei_no_22-2000_000058.pdf", "ementa": "Reconhece de utilidade p\u00fablica a Associa\u00e7\u00e3o Arraial dos Amigos de Ca\u00e7u."}, {"id": "3882", "ano": "2000", "numero": "23", "tipo__sigla": "PLO", "tipo__descricao": "Projeto de Lei Ordin\u00e1ria", "autoria": "Chefe do Poder Executivo", "texto_original": "http://sapl.cacu.go.leg.br/media/sapl/public/materialegislativa/2000/3882/projeto_de_lei_no_23-2000_000059.pdf", "ementa": "Autoriza firmar conv\u00eanio e os respectivos Termos Aditivos, se necess\u00e1rios, com a AGETOP - Ag\u00eancia Goiana de Transporte e Obras e d\u00e1 outras provid\u00eancias."}, {"id": "3883", "ano": "2000", "numero": "24", "tipo__sigla": "PLO", "tipo__descricao": "Projeto de Lei Ordin\u00e1ria", "autoria": "Chefe do Poder Executivo", "texto_original": "http://sapl.cacu.go.leg.br/media/sapl/public/materialegislativa/2000/3883/projeto_de_lei_no_24-2000_000060.pdf", "ementa": "Altera dispositivo da Lei Municipal n\u00ba 1226/00 de 26 de junho de 2000, e d\u00e1 outras provid\u00eancias."}, {"id": "3884", "ano": "2000", "numero": "25", "tipo__sigla": "PLO", "tipo__descricao": "Projeto de Lei Ordin\u00e1ria", "autoria": "ADAIR PURCENA", "texto_original": "http://sapl.cacu.go.leg.br/media/sapl/public/materialegislativa/2000/3884/projeto_de_lei_no_25-2000_000061.pdf", "ementa": "Fixa os subs\u00eddios do Prefeito, Vice-Prefeito, Vereadores, Presidente da C\u00e2mara e Secret\u00e1rios Municipais, para a Legislatura de 2001 a 2004, no Munic\u00edpio de Ca\u00e7u."}, {"id": "3885", "ano": "2000", "numero": "26", "tipo__sigla": "PLO", "tipo__descricao": "Projeto de Lei Ordin\u00e1ria", "autoria": "Chefe do Poder Executivo", "texto_original": "http://sapl.cacu.go.leg.br/media/sapl/public/materialegislativa/2000/3885/projeto_de_lei_no_26-2000_000062.pdf", "ementa": "D\u00e1 nova denomina\u00e7\u00e3o ao Col\u00e9gio Municipal \"Deputado Costa Lima\"."}, {"id": "3886", "ano": "2000", "numero": "27", "tipo__sigla": "PLO", "tipo__descricao": "Projeto de Lei Ordin\u00e1ria", "autoria": "Chefe do Poder Executivo", "texto_original": "http://sapl.cacu.go.leg.br/media/sapl/public/materialegislativa/2000/3886/projeto_de_lei_no_27-2000_000063.pdf", "ementa": "Estima a receita e fixa a despesa do IMPAS-CA\u00c7U, para o exerc\u00edcio de 2001."}, {"id": "3887", "ano": "2000", "numero": "28", "tipo__sigla": "PLO", "tipo__descricao": "Projeto de Lei Ordin\u00e1ria", "autoria": "Chefe do Poder Executivo", "texto_original": "http://sapl.cacu.go.leg.br/media/sapl/public/materialegislativa/2000/3887/projeto_de_lei_no_28-2000_000064.pdf", "ementa": "Estima a receita e fixa a despesa do Munic\u00edpio para o exerc\u00edcio de 2001."}, {"id": "3888", "ano": "2000", "numero": "29", "tipo__sigla": "PLO", "tipo__descricao": "Projeto de Lei Ordin\u00e1ria", "autoria": "Chefe do Poder Executivo", "texto_original": "http://sapl.cacu.go.leg.br/media/sapl/public/materialegislativa/2000/3888/projeto_de_lei_no_29-2000_000065.pdf", "ementa": "Estima receita e fixa a despesa do Fundo Municipal de Sa\u00fade de Ca\u00e7u, para o exerc\u00edcio financeiro de 2001."}, {"id": "3889", "ano": "2000", "numero": "30", "tipo__sigla": "PLO", "tipo__descricao": "Projeto de Lei Ordin\u00e1ria", "autoria": "Chefe do Poder Executivo", "texto_original": "http://sapl.cacu.go.leg.br/media/sapl/public/materialegislativa/2000/3889/projeto_de_lei_no_30-2000_000066.pdf", "ementa": "Estima a receita e fixa a receita do Fundo Municipal de Desenvolvimento Rural de Ca\u00e7u, para o exerc\u00edcio de 2001."}, {"id": "3890", "ano": "2000", "numero": "31", "tipo__sigla": "PLO", "tipo__descricao": "Projeto de Lei Ordin\u00e1ria", "autoria": "Chefe do Poder Executivo", "texto_original": "http://sapl.cacu.go.leg.br/media/sapl/public/materialegislativa/2000/3890/projeto_de_lei_no_31-2000_000067.pdf", "ementa": "Disp\u00f5e sobre parcelamento de d\u00e9bitos do Munic\u00edpio de Ca\u00e7u e d\u00e1 outras provid\u00eancias."}, {"id": "3891", "ano": "2000", "numero": "32", "tipo__sigla": "PLO", "tipo__descricao": "Projeto de Lei Ordin\u00e1ria", "autoria": "Chefe do Poder Executivo", "texto_original": "http://sapl.cacu.go.leg.br/media/sapl/public/materialegislativa/2000/3891/projeto_de_lei_no_32-2000_000068.pdf", "ementa": "Disp\u00f5e sobre proibi\u00e7\u00e3o \u00e0 instala\u00e7\u00e3o de novos loteamentos residenciais ou industriais nas faixas lindeiras a ETE."}, {"id": "3892", "ano": "2000", "numero": "33", "tipo__sigla": "PLO", "tipo__descricao": "Projeto de Lei Ordin\u00e1ria", "autoria": "Chefe do Poder Executivo", "texto_original": "http://sapl.cacu.go.leg.br/media/sapl/public/materialegislativa/2000/3892/projeto_de_lei_no_33-2000_000069.pdf", "ementa": "Disp\u00f5e sobre regras gerais para a organiza\u00e7\u00e3o e funcionamento do Instituto Municipal de Previd\u00eancia e Assist\u00eancia dos Servidores de Ca\u00e7u - IMPAS e d\u00e1 outras provid\u00eancias."}, {"id": "3893", "ano": "2000", "numero": "34", "tipo__sigla": "PLO", "tipo__descricao": "Projeto de Lei Ordin\u00e1ria", "autoria": "Chefe do Poder Executivo", "texto_original": "http://sapl.cacu.go.leg.br/media/", "ementa": "Altera a reda\u00e7\u00e3o do inciso IV do art. 1\u00ba e do art. 2\u00ba da Lei n\u00ba 1.232/00 e d\u00e1 outras provid\u00eancias."}, {"id": "3894", "ano": "2000", "numero": "35", "tipo__sigla": "PLO", "tipo__descricao": "Projeto de Lei Ordin\u00e1ria", "autoria": "Chefe do Poder Executivo", "texto_original": "http://sapl.cacu.go.leg.br/media/sapl/public/materialegislativa/2000/3894/projeto_de_lei_no_35-2000_000071.pdf", "ementa": "Disp\u00f5e sobre autoriza\u00e7\u00e3o para ceder sob o regime de concess\u00e3o de uso, bem p\u00fablico e d\u00e1 outras provid\u00eancias."}, {"id": "3895", "ano": "2000", "numero": "36", "tipo__sigla": "PLO", "tipo__descricao": "Projeto de Lei Ordin\u00e1ria", "autoria": "Chefe do Poder Executivo", "texto_original": "http://sapl.cacu.go.leg.br/media/sapl/public/materialegislativa/2000/3895/projeto_de_lei_no_36-2000_000073.pdf", "ementa": "Disp\u00f5e sobre venda de bens m\u00f3veis e d\u00e1 outras provid\u00eancias."}, {"id": "3896", "ano": "2000", "numero": "37", "tipo__sigla": "PLO", "tipo__descricao": "Projeto de Lei Ordin\u00e1ria", "autoria": "MARIA CONCEBIDA", "texto_original": "http://sapl.cacu.go.leg.br/media/sapl/public/materialegislativa/2000/3896/projeto_de_lei_no_37-2000_000074.pdf", "ementa": "Altera denomina\u00e7\u00e3o da Avenida 7 de Setembro para \"Avenida Clarice Machado Guimar\u00e3es\" e d\u00e1 outras provid\u00eancias."}, {"id": "3897", "ano": "2000", "numero": "38", "tipo__sigla": "PLO", "tipo__descricao": "Projeto de Lei Ordin\u00e1ria", "autoria": "TE\u00d3FILO FERREIRA", "texto_original": "http://sapl.cacu.go.leg.br/media/sapl/public/materialegislativa/2000/3897/projeto_de_lei_no_38-2000_000076.pdf", "ementa": "Disp\u00f5e sobre a denomina\u00e7\u00e3o da Rodovia Municipal CAW-2 e d\u00e1 outras provid\u00eancias."}, {"id": "3898", "ano": "2000", "numero": "39", "tipo__sigla": "PLO", "tipo__descricao": "Projeto de Lei Ordin\u00e1ria", "autoria": "Chefe do Poder Executivo", "texto_original": "http://sapl.cacu.go.leg.br/media/sapl/public/materialegislativa/2000/3898/projeto_de_lei_no_39-2000_000078.pdf", "ementa": "Disp\u00f5e sobre venda de uma ambul\u00e2ncia e d\u00e1 outras provid\u00eancias."}, {"id": "3899", "ano": "2000", "numero": "40", "tipo__sigla": "PLO", "tipo__descricao": "Projeto de Lei Ordin\u00e1ria", "autoria": "Chefe do Poder Executivo", "texto_original": "http://sapl.cacu.go.leg.br/media/sapl/public/materialegislativa/2000/3899/projeto_de_lei_no_40-2000_000079.pdf", "ementa": "Abre ao Or\u00e7amento Geral do Munic\u00edpio um credito adicional suplementar no valor que menciona, e d\u00e1 outras provid\u00eancias."}, {"id": "3900", "ano": "2000", "numero": "41", "tipo__sigla": "PLO", "tipo__descricao": "Projeto de Lei Ordin\u00e1ria", "autoria": "Chefe do Poder Executivo", "texto_original": "http://sapl.cacu.go.leg.br/media/sapl/public/materialegislativa/2000/3900/projeto_de_lei_no_41-2000_000080.pdf", "ementa": "Cria o PRODUZIR municipal e autoriza a ades\u00e3o do Munic\u00edpio de Ca\u00e7u ao Estado de Goi\u00e1s, no tocante ao financiamento conjunto de ind\u00fastrias benefici\u00e1rias do Programa de Desenvolvimento Industrial de Goi\u00e1s - PRODUZIR e d\u00e1 outras provid\u00eancias."}, {"id": "4794", "ano": "2000", "numero": "1", "tipo__sigla": "PRE", "tipo__descricao": "Projeto de Resolu\u00e7\u00e3o", "autoria": "", "texto_original": "http://sapl.cacu.go.leg.br/media/sapl/public/materialegislativa/2000/4794/projeto_de_resolucao_01-2000.pdf", "ementa": "Disp\u00f5e sobre reajuste dos vencimertos dos Servidores P\u00fablicos da C\u00e2mara Municipal de Ca\u00e7u e d\u00e1 outras provid\u00eancias."}, {"id": "2000", "ano": "2000", "numero": "1", "tipo__sigla": "REQ", "tipo__descricao": "Requerimento", "autoria": "ADAIR PURCENA", "texto_original": "http://sapl.cacu.go.leg.br/media/sapl/public/materialegislativa/2000/2000/requerimento_n_01_-_00_-_10_-_02_-_00__.pdf", "ementa": "Solicita reparos nas ruas asfaltadas, especialmente nas esquinas, onde o asfalto est\u00e1 esfarinhando e formando enormes buracos."}, {"id": "2001", "ano": "2000", "numero": "2", "tipo__sigla": "REQ", "tipo__descricao": "Requerimento", "autoria": "ADAIR PURCENA", "texto_original": "http://sapl.cacu.go.leg.br/media/sapl/public/materialegislativa/2000/2001/requerimento_n_02_-_00_-_10_-_02_-_00_.pdf", "ementa": "Solicita levantamento de muro de prote\u00e7\u00e3o contra enxurradas na encosta do asfalto abaixo da cadeia p\u00fablica local."}, {"id": "2002", "ano": "2000", "numero": "3", "tipo__sigla": "REQ", "tipo__descricao": "Requerimento", "autoria": "ADAIR PURCENA", "texto_original": "http://sapl.cacu.go.leg.br/media/sapl/public/materialegislativa/2000/2002/requerimento_n_03_-_00_-_21_-_02_-_00___.pdf", "ementa": "Solicita a realiza\u00e7\u00e3o de reforma nas instala\u00e7\u00f5es do Col\u00e9gio Municipal Deputado Costa Lima em sua fachada frontal , constru\u00e7\u00e3o de 02(dois) banheiros e aquisi\u00e7\u00e3o de cadeiras escolares para compor as salas de aulas e da administra\u00e7\u00e3o do col\u00e9gio."}, {"id": "2003", "ano": "2000", "numero": "4", "tipo__sigla": "REQ", "tipo__descricao": "Requerimento", "autoria": "JACINTO NUNES", "texto_original": "http://sapl.cacu.go.leg.br/media/sapl/public/materialegislativa/2000/2003/requerimento_n_04_-_00_-_21_-_02_-_00_.pdf", "ementa": "Solicita que o Prefeito Municipal envie c\u00f3pias dos balancetes \u00e0 C\u00e2mara Municipal nos termos do art. 77, inciso XV, da Constitui\u00e7\u00e3o Estadual."}, {"id": "2004", "ano": "2000", "numero": "5", "tipo__sigla": "REQ", "tipo__descricao": "Requerimento", "autoria": "JOS\u00c9 DOS REIS, ADILSON BARBOSA", "texto_original": "http://sapl.cacu.go.leg.br/media/sapl/public/materialegislativa/2000/2004/requerimento_n_05_-_00_-_22_-_02_-_00_.pdf", "ementa": "Requer um Posto de atendimento do IPASGO em Ca\u00e7u."}, {"id": "2005", "ano": "2000", "numero": "6", "tipo__sigla": "REQ", "tipo__descricao": "Requerimento", "autoria": "JOS\u00c9 DOS REIS, ADILSON BARBOSA", "texto_original": "http://sapl.cacu.go.leg.br/media/sapl/public/materialegislativa/2000/2005/requerimento_n_06_-_00_-_22_-_02_-_00_.pdf", "ementa": "Requer amplia\u00e7\u00e3o e constru\u00e7\u00e3o do alojamento residencial da Pol\u00edcia Militar."}, {"id": "2006", "ano": "2000", "numero": "7", "tipo__sigla": "REQ", "tipo__descricao": "Requerimento", "autoria": "JOS\u00c9 DOS REIS, ADILSON BARBOSA", "texto_original": "http://sapl.cacu.go.leg.br/media/sapl/public/materialegislativa/2000/2006/requerimento_n_07_-_00_-_22_-_02_-_00_.pdf", "ementa": "Requer cascalhamento nas ruas do Setor industrial de Ca\u00e7u-Goi\u00e1s."}, {"id": "2007", "ano": "2000", "numero": "8", "tipo__sigla": "REQ", "tipo__descricao": "Requerimento", "autoria": "JOS\u00c9 DOS REIS, ADILSON BARBOSA", "texto_original": "http://sapl.cacu.go.leg.br/media/sapl/public/materialegislativa/2000/2007/requerimento_n_08_-_00_-_22_-_02_-_00_.pdf", "ementa": "Requer a troca da Calha-Bica da garagem dos t\u00e1xis do Terminal Rodovi\u00e1rio de Ca\u00e7u."}, {"id": "2008", "ano": "2000", "numero": "9", "tipo__sigla": "REQ", "tipo__descricao": "Requerimento", "autoria": "JOS\u00c9 DOS REIS, ADILSON BARBOSA", "texto_original": "http://sapl.cacu.go.leg.br/media/sapl/public/materialegislativa/2000/2008/requerimento_n_09_-_00_-_23_-_02_-_00_.pdf", "ementa": "Requer doa\u00e7\u00e3o de um terreno para constru\u00e7\u00e3o da Igreja S\u00f3 o Senhor \u00e9 Deus."}, {"id": "2009", "ano": "2000", "numero": "10", "tipo__sigla": "REQ", "tipo__descricao": "Requerimento", "autoria": "JOS\u00c9 DOS REIS", "texto_original": "http://sapl.cacu.go.leg.br/media/sapl/public/materialegislativa/2000/2009/requerimento_n_10_-_00_-_23_-_02_-_00_.pdf", "ementa": "Solicita reparos nas ruas, cal\u00e7adas com paralelepipedos e bloquetes de nossa cidade."}, {"id": "2010", "ano": "2000", "numero": "11", "tipo__sigla": "REQ", "tipo__descricao": "Requerimento", "autoria": "JUCELINO NUNES", "texto_original": "http://sapl.cacu.go.leg.br/media/sapl/public/materialegislativa/2000/2010/requerimento_n_11_-_00_-_13_-_03_-_00_.pdf", "ementa": "Solicita constru\u00e7\u00e3o de passeio p\u00fablico em torno do Projeto Pequeno Trabalhador."}, {"id": "2011", "ano": "2000", "numero": "12", "tipo__sigla": "REQ", "tipo__descricao": "Requerimento", "autoria": "JOS\u00c9 DOS REIS", "texto_original": "http://sapl.cacu.go.leg.br/media/sapl/public/materialegislativa/2000/2011/requerimento_n_12_-_00_-_15_-_03_-_00_.pdf", "ementa": "Requer cascalhamento e limpeza nas ruas da Vila Vale do Sol."}, {"id": "2012", "ano": "2000", "numero": "13", "tipo__sigla": "REQ", "tipo__descricao": "Requerimento", "autoria": "JUCELINO NUNES", "texto_original": "http://sapl.cacu.go.leg.br/media/sapl/public/materialegislativa/2000/2012/requerimento_n_13_-_00_-_16_-_03_-_00.pdf", "ementa": "Solicita reforma nas instala\u00e7\u00f5es do Hospital Municipal Pedro Martins."}, {"id": "2013", "ano": "2000", "numero": "14", "tipo__sigla": "REQ", "tipo__descricao": "Requerimento", "autoria": "JUCELINO NUNES, ADAIR PURCENA, ELCIO TADEU, JAILDES PEREIRA", "texto_original": "http://sapl.cacu.go.leg.br/media/sapl/public/materialegislativa/2000/2013/requerimento_n_14_-_00_-_14_-_03_-_00_.pdf", "ementa": "Solicita Pavimenta\u00e7\u00e3o asf\u00e1ltica ou cal\u00e7amento nos trechos das ruas abaixo do Col\u00e9gio Estadual Dr Pedro Ludovico Teixeira que n\u00e3o foram asfaltados, e a doa\u00e7\u00e3o de terrenos urbanos cuja \u00e1rea j\u00e1 foi adquirida."}, {"id": "2014", "ano": "2000", "numero": "15", "tipo__sigla": "REQ", "tipo__descricao": "Requerimento", "autoria": "MARIA CONCEBIDA", "texto_original": "http://sapl.cacu.go.leg.br/media/sapl/public/materialegislativa/2000/2014/requerimento_n_15_-_00_-_31_-_03_-_00_.pdf", "ementa": "Solicita limpeza de Terrenos baldios na zona urbana."}, {"id": "2015", "ano": "2000", "numero": "16", "tipo__sigla": "REQ", "tipo__descricao": "Requerimento", "autoria": "MARIA CONCEBIDA", "texto_original": "http://sapl.cacu.go.leg.br/media/sapl/public/materialegislativa/2000/2015/requerimento_n_16_-_00_-_31_-_03_-_00.pdf", "ementa": "Solicita reparos na rodovia municipal Evangelino Borges Pereira"}, {"id": "2016", "ano": "2000", "numero": "17", "tipo__sigla": "REQ", "tipo__descricao": "Requerimento", "autoria": "MARIA CONCEBIDA", "texto_original": "http://sapl.cacu.go.leg.br/media/sapl/public/materialegislativa/2000/2016/requerimento_n_17_-_00_-_31_-_03_-_00_.pdf", "ementa": "Solicita distribui\u00e7\u00e3o de lat\u00f5es para a coleta de lixo da cidade."}, {"id": "2017", "ano": "2000", "numero": "18", "tipo__sigla": "REQ", "tipo__descricao": "Requerimento", "autoria": "ADILSON BARBOSA", "texto_original": "http://sapl.cacu.go.leg.br/media/sapl/public/materialegislativa/2000/2017/requerimento_n_18_-_00_-_24_-_02_-_00_.pdf", "ementa": "Solicita canaliza\u00e7\u00e3o da enxurrada que desce pela Rua Paulo e Silva esquina com a Rua Joaquim Pereira de Castro."}, {"id": "2018", "ano": "2000", "numero": "19", "tipo__sigla": "REQ", "tipo__descricao": "Requerimento", "autoria": "TE\u00d3FILO FERREIRA", "texto_original": "http://sapl.cacu.go.leg.br/media/sapl/public/materialegislativa/2000/2018/requerimento_n_19_-_00_-_05_-_04_-_00.pdf", "ementa": "Solicita escritura\u00e7\u00e3o definitiva dos propriet\u00e1rio de im\u00f3veis da Vila Multir\u00e3o."}, {"id": "2019", "ano": "2000", "numero": "20", "tipo__sigla": "REQ", "tipo__descricao": "Requerimento", "autoria": "JACINTO NUNES", "texto_original": "http://sapl.cacu.go.leg.br/media/sapl/public/materialegislativa/2000/2019/requerimento_n_20_-_00_-_06_-_04_-_00_.pdf", "ementa": "Solicita reforma geral no Centro Comunit\u00e1rio Dr. Serafim de Carvalho."}, {"id": "2020", "ano": "2000", "numero": "21", "tipo__sigla": "REQ", "tipo__descricao": "Requerimento", "autoria": "MARIA CONCEBIDA", "texto_original": "http://sapl.cacu.go.leg.br/media/sapl/public/materialegislativa/2000/2020/requerimento_n_21_-_00_-_06_-_04_-_00.pdf", "ementa": "Solicita reposi\u00e7\u00e3o de l\u00e2mpadas na quadra de esportes do Col\u00e9gio Municipal Deputado Costa Lima."}, {"id": "2021", "ano": "2000", "numero": "22", "tipo__sigla": "REQ", "tipo__descricao": "Requerimento", "autoria": "JAILDES PEREIRA", "texto_original": "http://sapl.cacu.go.leg.br/media/sapl/public/materialegislativa/2000/2021/requerimento_n_22_-_00_-_06_-_04_-_00_.pdf", "ementa": "Solicita a arboriza\u00e7\u00e3o da Avenida Ildefonso Carneiro, na sua parte duplicada , na sa\u00edda da cidade em dire\u00e7\u00e3o ao Sindicato Rural."}, {"id": "2022", "ano": "2000", "numero": "23", "tipo__sigla": "REQ", "tipo__descricao": "Requerimento", "autoria": "JAILDES PEREIRA", "texto_original": "http://sapl.cacu.go.leg.br/media/sapl/public/materialegislativa/2000/2022/requerimento_n_23_-_00_-_05_-_05_-_00_.pdf", "ementa": "Solicita a retirada dos quebra-molas do per\u00edmetro urbano da cidade de Ca\u00e7u."}, {"id": "2023", "ano": "2000", "numero": "24", "tipo__sigla": "REQ", "tipo__descricao": "Requerimento", "autoria": "JUCELINO NUNES, TE\u00d3FILO FERREIRA", "texto_original": "http://sapl.cacu.go.leg.br/media/sapl/public/materialegislativa/2000/2023/requerimento_n_24_-_00_-_31_-_05_-_00_.pdf", "ementa": "Solicita constru\u00e7\u00e3o de estacionamento no Col\u00e9gio Estadual Dr. Pedro Ludovico Teixeira."}, {"id": "2024", "ano": "2000", "numero": "25", "tipo__sigla": "REQ", "tipo__descricao": "Requerimento", "autoria": "JUCELINO NUNES", "texto_original": "http://sapl.cacu.go.leg.br/media/sapl/public/materialegislativa/2000/2024/requerimento_n_25_-_00_-_31_-_05_-_00_.pdf", "ementa": "Solicita pintura dos meios-fios da cidade e da ponte sobre o Rio Claro."}, {"id": "2025", "ano": "2000", "numero": "26", "tipo__sigla": "REQ", "tipo__descricao": "Requerimento", "autoria": "JUCELINO NUNES", "texto_original": "http://sapl.cacu.go.leg.br/media/sapl/public/materialegislativa/2000/2025/requerimento_n_26_-_00_-_02_-_06_-_00_.pdf", "ementa": "Solicita reparos nas rodovias municipais CAW-04 e CAW-06 no munic\u00edpio de Ca\u00e7u-Go."}, {"id": "2026", "ano": "2000", "numero": "27", "tipo__sigla": "REQ", "tipo__descricao": "Requerimento", "autoria": "JUCELINO NUNES", "texto_original": "http://sapl.cacu.go.leg.br/media/sapl/public/materialegislativa/2000/2026/requerimento_n_27_-_00_-_07_-_06_-_00_.pdf", "ementa": "Solicita viabiliza\u00e7\u00e3o do funcionamento da Cer\u00e2mica Comunit\u00e1ria."}, {"id": "2027", "ano": "2000", "numero": "28", "tipo__sigla": "REQ", "tipo__descricao": "Requerimento", "autoria": "JAILDES PEREIRA", "texto_original": "http://sapl.cacu.go.leg.br/media/sapl/public/materialegislativa/2000/2027/requerimento_n_28_-_00_-_30_-_06_-_00_.pdf", "ementa": "Solicita coloca\u00e7\u00e3o da ilumina\u00e7\u00e3o com poste no final da Rua Agemiro Purcena da Silva."}, {"id": "2028", "ano": "2000", "numero": "29", "tipo__sigla": "REQ", "tipo__descricao": "Requerimento", "autoria": "JUCELINO NUNES", "texto_original": "http://sapl.cacu.go.leg.br/media/sapl/public/materialegislativa/2000/2028/requerimento_n_29_-_00_-_04_-_08_-_00_.pdf", "ementa": "Solicita reparos nas rodovias municipais CAW-01, CAW-02 e CAW-03 no Munic\u00edpio de Ca\u00e7u-Go."}, {"id": "2029", "ano": "2000", "numero": "30", "tipo__sigla": "REQ", "tipo__descricao": "Requerimento", "autoria": "ADAIR PURCENA", "texto_original": "http://sapl.cacu.go.leg.br/media/sapl/public/materialegislativa/2000/2029/requerimento_n_30_-_00_-_09_-_11_-_00_.pdf", "ementa": "Solicita instala\u00e7\u00e3o de protetores nas bocas de lobo das galerias pluviais da cidade."}]}