{"id":5423,"__str__":"Aut\u00f3grafo n\u00ba 33, de 07 de agosto de 2025","link_detail_backend":"/norma/5423","metadata":{"signs":{"texto_integral":{"admin":[],"autores":[["Alexandre Eterno Freitas Santos",["2025-08-07T10:20:47-03:00","ICP-Brasil - Certificado PF A1"]],["Andre Luiz Oliveira Camargos",["2025-08-07T09:52:06-03:00","ICP-Brasil - Certificado PF A1"]],["Jeandra Alves Guimaraes do Carmo",["2025-08-07T10:04:57-03:00","ICP-Brasil - Certificado PF A1"]],["Jucivanda Aparecida Maia",["2025-08-07T10:32:34-03:00","ICP-Brasil - Certificado PF A1"]],["Rodolfo Ancelmo da Silva Neto",["2025-08-07T09:58:14-03:00","ICP-Brasil - Certificado PF A1"]]]}}},"texto_integral":"http://sapl.cacu.go.leg.br/media/sapl/public/normajuridica/2025/5423/autografo_de_lei_no_33-2025_-_plo_41_1.pdf","numero":"33","ano":2025,"esfera_federacao":"M","data":"2025-08-07","data_publicacao":"2025-08-07","veiculo_publicacao":"","pagina_inicio_publicacao":null,"pagina_fim_publicacao":null,"ementa":"\u201cInstitui o Dia Municipal do Evang\u00e9lico, e d\u00e1 outras provid\u00eancias.\u201d","indexacao":"","observacao":"","complemento":false,"data_vigencia":null,"timestamp":"2025-08-11T13:26:28.293855-03:00","data_ultima_atualizacao":"2025-08-11T13:26:28.486047-03:00","ip":"192.141.239.225","ultima_edicao":"2025-08-11T13:24:32.328563-03:00","tipo":9,"materia":4842,"orgao":null,"user":4,"assuntos":[],"autores":[]}