{"id":5401,"__str__":"Aut\u00f3grafo de Lei Complementar n\u00ba 5, de 08 de maio de 2025","link_detail_backend":"/norma/5401","metadata":{"signs":{"texto_integral":{"admin":[],"autores":[["Alexandre Eterno Freitas Santos",["2025-05-08T13:31:03-03:00","ICP-Brasil - Certificado PF A1"]],["Andre Luiz Oliveira Camargos",["2025-05-08T13:27:32-03:00","ICP-Brasil - Certificado PF A1"]],["Jeandra Alves Guimaraes do Carmo",["2025-05-08T13:56:43-03:00","ICP-Brasil - Certificado PF A1"]],["Jucivanda Aparecida Maia",["2025-05-08T13:59:06-03:00","ICP-Brasil - Certificado PF A1"]],["Rodolfo Ancelmo da Silva Neto",["2025-05-08T13:35:09-03:00","ICP-Brasil - Certificado PF A1"]]]}}},"texto_integral":"http://sapl.cacu.go.leg.br/media/sapl/public/normajuridica/2025/5401/autografo_de_lei_complementa_no_05-2025_-_plc__08-20251.pdf","numero":"5","ano":2025,"esfera_federacao":"M","data":"2025-05-08","data_publicacao":"2025-05-08","veiculo_publicacao":"","pagina_inicio_publicacao":null,"pagina_fim_publicacao":null,"ementa":"\u201cInstitui a concess\u00e3o de folga remunerada no dia do anivers\u00e1rio para servidores p\u00fablicos municipais efetivos, contratados e comissionados, e d\u00e1 outras provid\u00eancias.\u201d","indexacao":"","observacao":"","complemento":false,"data_vigencia":null,"timestamp":"2025-06-05T13:38:24.089562-03:00","data_ultima_atualizacao":"2025-06-05T13:38:24.360019-03:00","ip":"170.238.55.214","ultima_edicao":"2025-06-05T13:36:42.351819-03:00","tipo":13,"materia":4813,"orgao":null,"user":4,"assuntos":[],"autores":[]}