{"id":822,"__str__":"Requerimento n\u00ba 16 de 2020","link_detail_backend":"/materia/822","metadata":{},"numero":16,"ano":2020,"numero_protocolo":261007,"data_apresentacao":"2020-03-06","tipo_apresentacao":"E","data_publicacao":null,"numero_origem_externa":"","ano_origem_externa":null,"data_origem_externa":null,"apelido":"","dias_prazo":null,"data_fim_prazo":null,"em_tramitacao":true,"polemica":null,"objeto":"","complementar":null,"ementa":"Solicita a arboriza\u00e7\u00e3o das Ruas, Pra\u00e7as e Espa\u00e7os P\u00fablicos do Munic\u00edpio.","indexacao":"","observacao":"","resultado":"","texto_original":"http://sapl.cacu.go.leg.br/media/sapl/public/materialegislativa/2020/822/requerimento_no_16-2020_-.pdf","data_ultima_atualizacao":"2020-03-06T19:52:56.690010-03:00","ip":"","ultima_edicao":null,"tipo":12,"regime_tramitacao":1,"tipo_origem_externa":null,"local_origem_externa":null,"user":null,"anexadas":[],"autores":[1]}