{"id":775,"__str__":"Requerimento n\u00ba 42 de 2014","link_detail_backend":"/materia/775","metadata":{},"numero":42,"ano":2014,"numero_protocolo":null,"data_apresentacao":"2014-05-16","tipo_apresentacao":"E","data_publicacao":null,"numero_origem_externa":"","ano_origem_externa":null,"data_origem_externa":null,"apelido":"","dias_prazo":null,"data_fim_prazo":null,"em_tramitacao":false,"polemica":false,"objeto":"","complementar":false,"ementa":"Requer a delimita\u00e7\u00e3o e sinaliza\u00e7\u00e3o de estacionamento para motocicletas na Avenida Ildefonso Carneiro.","indexacao":"","observacao":"","resultado":"","texto_original":"http://sapl.cacu.go.leg.br/media/sapl/public/materialegislativa/2014/775/requerimento_no_42-2014.pdf","data_ultima_atualizacao":"2020-01-22T15:51:48.985782-03:00","ip":"189.72.248.92","ultima_edicao":null,"tipo":12,"regime_tramitacao":1,"tipo_origem_externa":null,"local_origem_externa":null,"user":4,"anexadas":[],"autores":[127]}