{"id":682,"__str__":"Requerimento n\u00ba 19 de 2015","link_detail_backend":"/materia/682","metadata":{},"numero":19,"ano":2015,"numero_protocolo":null,"data_apresentacao":"2015-03-30","tipo_apresentacao":"E","data_publicacao":null,"numero_origem_externa":"","ano_origem_externa":2015,"data_origem_externa":null,"apelido":"","dias_prazo":null,"data_fim_prazo":null,"em_tramitacao":false,"polemica":false,"objeto":"","complementar":false,"ementa":"Requer a doa\u00e7\u00e3o da \u00e1rea \u00e0s margens da Avenida Ildefonso Carneiro, no Setor S\u00e3o Jos\u00e9, para o Senhor Jos\u00e9 Mendes Pereira.","indexacao":"","observacao":"","resultado":"","texto_original":null,"data_ultima_atualizacao":"2020-05-04T10:25:55.360613-03:00","ip":"45.170.173.2","ultima_edicao":"2020-05-04T10:25:55.289855-03:00","tipo":12,"regime_tramitacao":1,"tipo_origem_externa":null,"local_origem_externa":null,"user":6,"anexadas":[],"autores":[124]}