{"id":5189,"__str__":"Requerimento n\u00ba 9 de 2026","link_detail_backend":"/materia/5189","metadata":{"signs":{"texto_original":{"admin":[],"autores":[["Donisete Paiva Rezende Junior",["2026-04-07T13:23:17-03:00","ICP-Brasil - Certificado PF A1"]],["Jeandra Alves Guimaraes do Carmo",["2026-04-09T17:48:27-03:00","ICP-Brasil - Certificado PF A1"]]]}}},"numero":9,"ano":2026,"numero_protocolo":204,"data_apresentacao":"2026-04-07","tipo_apresentacao":"E","data_publicacao":null,"numero_origem_externa":"","ano_origem_externa":null,"data_origem_externa":null,"apelido":"","dias_prazo":null,"data_fim_prazo":null,"em_tramitacao":false,"polemica":false,"objeto":"","complementar":false,"ementa":"\u201cRequer \u00e0 convoca\u00e7\u00e3o da Ilustr\u00edssima Senhora Secret\u00e1ria Municipal de Educa\u00e7\u00e3o, para comparecer ao Plen\u00e1rio desta C\u00e2mara Municipal, afim de prestar esclarecimentos a esta Casa de Leis sobre as atividades funcionais definidas em lei desenvolvidas pela secretaria.\u201d","indexacao":"","observacao":"","resultado":"","texto_original":"http://sapl.cacu.go.leg.br/media/sapl/public/materialegislativa/2026/5189/requerimento_09_2026_convocacao__selciana_1.pdf","data_ultima_atualizacao":"2026-04-10T10:43:11.795773-03:00","ip":"168.195.146.19","ultima_edicao":"2026-04-10T09:33:39.185389-03:00","tipo":12,"regime_tramitacao":1,"tipo_origem_externa":null,"local_origem_externa":null,"user":15,"anexadas":[],"autores":[189]}