{"id":5091,"__str__":"Indica\u00e7\u00e3o n\u00ba 3 de 2026","link_detail_backend":"/materia/5091","metadata":{"signs":{"texto_original":{"admin":[],"autores":[["Hortencia Freitas dos Santos",["2026-01-08T08:45:28-03:00","ICP-Brasil - Certificado PF A1"]]]}}},"numero":3,"ano":2026,"numero_protocolo":null,"data_apresentacao":"2026-01-08","tipo_apresentacao":"E","data_publicacao":null,"numero_origem_externa":"","ano_origem_externa":null,"data_origem_externa":null,"apelido":"","dias_prazo":null,"data_fim_prazo":null,"em_tramitacao":false,"polemica":false,"objeto":"","complementar":false,"ementa":"\u201cIndica ao Poder Executivo Municipal, a instala\u00e7\u00e3o de redutores de velocidade (quebra-molas), na Avenida Clarice Machado Guimar\u00e3es, em frente \u00e0 pra\u00e7a Paulo C\u00e9sar Junqueiroz.\u201c","indexacao":"","observacao":"","resultado":"","texto_original":"http://sapl.cacu.go.leg.br/media/sapl/public/materialegislativa/2026/5091/indicacao_03_redutor_de_velociddade_praca_paulo_junqueiroz.pdf","data_ultima_atualizacao":"2026-02-12T09:53:43.380902-03:00","ip":"192.141.239.238","ultima_edicao":"2026-01-08T15:21:52.399431-03:00","tipo":11,"regime_tramitacao":1,"tipo_origem_externa":null,"local_origem_externa":null,"user":4,"anexadas":[],"autores":[186]}