{"id":4817,"__str__":"Mo\u00e7\u00e3o de Rep\u00fadio n\u00ba 1 de 2025","link_detail_backend":"/materia/4817","metadata":{},"numero":1,"ano":2025,"numero_protocolo":304,"data_apresentacao":"2025-04-14","tipo_apresentacao":"E","data_publicacao":null,"numero_origem_externa":"","ano_origem_externa":null,"data_origem_externa":null,"apelido":"","dias_prazo":null,"data_fim_prazo":null,"em_tramitacao":false,"polemica":false,"objeto":"","complementar":false,"ementa":"Mo\u00e7\u00e3o de Rep\u00fadio, \u00e0 4\u00aa Edi\u00e7\u00e3o do \u201cPrograma da Assembleia Legislativa de Goi\u00e1s-ALEGO, \u201cDeputados Aqui\u201d, realizado no dia 12 de abril \r\nde 2025, em nossa cidade, que de maneira injustificada e desonrosa, desrespeitou essa \r\nC\u00e2mara Legislativa.","indexacao":"","observacao":"","resultado":"","texto_original":"http://sapl.cacu.go.leg.br/media/sapl/public/materialegislativa/2025/4817/mocao_de_repudio_001.2025.pdf","data_ultima_atualizacao":"2025-05-23T10:33:36.128383-03:00","ip":"45.170.87.20","ultima_edicao":"2025-04-14T12:36:42.971650-03:00","tipo":24,"regime_tramitacao":1,"tipo_origem_externa":null,"local_origem_externa":null,"user":15,"anexadas":[],"autores":[190]}