{"id":4707,"__str__":"Indica\u00e7\u00e3o n\u00ba 78 de 2025","link_detail_backend":"/materia/4707","metadata":{"signs":{"texto_original":{"admin":[],"autores":[["Donisete Paiva Rezende Junior",["2025-03-17T08:35:28-03:00","ICP-Brasil - Certificado PF A1"]]]}}},"numero":78,"ano":2025,"numero_protocolo":231,"data_apresentacao":"2025-03-17","tipo_apresentacao":"E","data_publicacao":null,"numero_origem_externa":"","ano_origem_externa":null,"data_origem_externa":null,"apelido":"","dias_prazo":null,"data_fim_prazo":null,"em_tramitacao":false,"polemica":false,"objeto":"","complementar":false,"ementa":"Indica ao Poder Executivo Municipal, a realiza\u00e7\u00e3o de estudos para amplia\u00e7\u00e3o e adequa\u00e7\u00e3o das vias pr\u00f3ximo a Creche Dr. Vander Luiz Bosco","indexacao":"","observacao":"","resultado":"","texto_original":"http://sapl.cacu.go.leg.br/media/sapl/public/materialegislativa/2025/4707/indicacao_ampliacao_via_publica.pdf","data_ultima_atualizacao":"2025-05-08T13:37:11.269924-03:00","ip":"170.238.52.95","ultima_edicao":"2025-03-17T10:04:14.803879-03:00","tipo":11,"regime_tramitacao":1,"tipo_origem_externa":null,"local_origem_externa":null,"user":15,"anexadas":[],"autores":[189]}