{"id":4514,"__str__":"Requerimento n\u00ba 8 de 2024","link_detail_backend":"/materia/4514","metadata":{"signs":{"texto_original":{"admin":[],"autores":[["Orlando Oliveira Silva",["2024-08-09T17:33:54-03:00","ICP-Brasil - Certificado PF A1"]],["Walter Junior Macedo",["2024-08-07T10:53:41-03:00","ICP-Brasil - Certificado PF A1"]]]}}},"numero":8,"ano":2024,"numero_protocolo":377,"data_apresentacao":"2024-08-07","tipo_apresentacao":"E","data_publicacao":null,"numero_origem_externa":"","ano_origem_externa":null,"data_origem_externa":null,"apelido":"","dias_prazo":null,"data_fim_prazo":null,"em_tramitacao":false,"polemica":false,"objeto":"","complementar":false,"ementa":"\u201cRequer ao Poder Executivo, informa\u00e7\u00f5es referentes ao projeto da constru\u00e7\u00e3o de tr\u00eas salas de aulas na Creche Municipal Dr. Vander Luiz Bosco,  proveniente de emenda parlamentar do Deputado Paulo Cesar Martins\u201d.","indexacao":"","observacao":"","resultado":"","texto_original":"http://sapl.cacu.go.leg.br/media/sapl/public/materialegislativa/2024/4514/req._08-2024.pdf","data_ultima_atualizacao":"2024-08-12T15:19:03.815641-03:00","ip":"170.238.55.220","ultima_edicao":"2024-08-09T17:38:12.521983-03:00","tipo":12,"regime_tramitacao":1,"tipo_origem_externa":null,"local_origem_externa":null,"user":11,"anexadas":[],"autores":[3]}