{"id":4500,"__str__":"Indica\u00e7\u00e3o n\u00ba 30 de 2024","link_detail_backend":"/materia/4500","metadata":{"signs":{"texto_original":{"admin":[],"autores":[["Carlos Eduardo Barbosa Ferraz",["2024-06-20T08:26:47-03:00","ICP-Brasil - Certificado PF A1"]]]}}},"numero":30,"ano":2024,"numero_protocolo":300,"data_apresentacao":"2024-06-21","tipo_apresentacao":"E","data_publicacao":null,"numero_origem_externa":"","ano_origem_externa":null,"data_origem_externa":null,"apelido":"","dias_prazo":null,"data_fim_prazo":null,"em_tramitacao":false,"polemica":false,"objeto":"","complementar":false,"ementa":"Indica ao Poder Executivo Municipal, e solicita a obriga\u00e7\u00e3o dos hospitais e Unidades de Sa\u00fades de nosso munic\u00edpio, terem fixados em seus murais os direitos das gestantes de forma clara e objetiva.","indexacao":"","observacao":"","resultado":"","texto_original":"http://sapl.cacu.go.leg.br/media/sapl/public/materialegislativa/2024/4500/indicacao_no_30_obrigacao_dos_hospitais_terem_fixados_em_seus_murais_os_direitos_das_gestantes__ver._carlos_eduardo.pdf","data_ultima_atualizacao":"2024-08-12T15:45:45.514058-03:00","ip":"170.238.54.236","ultima_edicao":"2024-06-21T10:29:52.286041-03:00","tipo":11,"regime_tramitacao":1,"tipo_origem_externa":null,"local_origem_externa":null,"user":4,"anexadas":[],"autores":[157]}