{"id":2888,"__str__":"Indica\u00e7\u00e3o n\u00ba 11 de 2022","link_detail_backend":"/materia/2888","metadata":{},"numero":11,"ano":2022,"numero_protocolo":null,"data_apresentacao":"2022-12-02","tipo_apresentacao":"E","data_publicacao":null,"numero_origem_externa":"","ano_origem_externa":null,"data_origem_externa":null,"apelido":"","dias_prazo":null,"data_fim_prazo":null,"em_tramitacao":false,"polemica":false,"objeto":"","complementar":false,"ementa":"Indica a revitaliza\u00e7\u00e3o da Avenida Idelfonso Carneiro, recapeando a via e ampliando a cal\u00e7ada.","indexacao":"","observacao":"","resultado":"","texto_original":"http://sapl.cacu.go.leg.br/media/sapl/public/materialegislativa/2022/2888/indicacao_no_11-2022.pdf","data_ultima_atualizacao":"2022-12-02T12:57:30.260432-03:00","ip":"143.202.7.1","ultima_edicao":"2022-12-02T12:56:00.189829-03:00","tipo":11,"regime_tramitacao":1,"tipo_origem_externa":null,"local_origem_externa":null,"user":11,"anexadas":[],"autores":[157]}