{"id":2750,"__str__":"Requerimento n\u00ba 37 de 2022","link_detail_backend":"/materia/2750","metadata":{},"numero":37,"ano":2022,"numero_protocolo":null,"data_apresentacao":"2022-05-02","tipo_apresentacao":"E","data_publicacao":null,"numero_origem_externa":"","ano_origem_externa":null,"data_origem_externa":null,"apelido":"","dias_prazo":null,"data_fim_prazo":null,"em_tramitacao":false,"polemica":false,"objeto":"","complementar":false,"ementa":"Requer a disponibiliza\u00e7\u00e3o de 02 tendas e cadeiras para a Pra\u00e7a Bianor Vicente de Souza, visando atender os universit\u00e1rios Ca\u00e7uenses.","indexacao":"","observacao":"","resultado":"","texto_original":"http://sapl.cacu.go.leg.br/media/sapl/public/materialegislativa/2022/2750/req._no_37-2022_-_ver._alex_02.05_-_requer_a_disponibilizacao_de_02_tendas_e_cadeiras_para_a_praca_bianor_vicente.pdf","data_ultima_atualizacao":"2022-05-02T09:47:30.240841-03:00","ip":"45.233.40.28","ultima_edicao":"2022-05-02T09:46:01.781980-03:00","tipo":12,"regime_tramitacao":1,"tipo_origem_externa":null,"local_origem_externa":null,"user":11,"anexadas":[],"autores":[152]}