{"id":1251,"__str__":"Projeto de Lei Ordin\u00e1ria n\u00ba 28 de 2020","link_detail_backend":"/materia/1251","metadata":{},"numero":28,"ano":2020,"numero_protocolo":null,"data_apresentacao":"2020-08-04","tipo_apresentacao":"E","data_publicacao":null,"numero_origem_externa":"28","ano_origem_externa":2020,"data_origem_externa":"2020-08-04","apelido":"","dias_prazo":null,"data_fim_prazo":null,"em_tramitacao":true,"polemica":false,"objeto":"Tr\u00e1fego \u00fanico na Rua Paulo e Silva, Cel. Manoel In\u00e1cio e Neca Borges","complementar":false,"ementa":"\"Institui m\u00e3o de tr\u00e1fego \u00fanico na Rua Paulo e Silva, Cel. Manoel In\u00e1cio e Neca Borges, e d\u00e1 outras provid\u00eancias\".","indexacao":"","observacao":"","resultado":"","texto_original":"http://sapl.cacu.go.leg.br/media/sapl/public/materialegislativa/2020/1251/pl_no_28-2020_-.pdf","data_ultima_atualizacao":"2020-08-11T16:03:46.363805-03:00","ip":"45.170.173.2","ultima_edicao":"2020-08-10T16:23:22.325141-03:00","tipo":3,"regime_tramitacao":1,"tipo_origem_externa":3,"local_origem_externa":3,"user":3,"anexadas":[],"autores":[1]}