{"id":1245,"__str__":"Projeto de Lei Ordin\u00e1ria n\u00ba 23 de 2020","link_detail_backend":"/materia/1245","metadata":{},"numero":23,"ano":2020,"numero_protocolo":null,"data_apresentacao":"2020-06-04","tipo_apresentacao":"E","data_publicacao":null,"numero_origem_externa":"23","ano_origem_externa":2020,"data_origem_externa":"2020-06-04","apelido":"","dias_prazo":null,"data_fim_prazo":null,"em_tramitacao":false,"polemica":false,"objeto":"Denomina Feira","complementar":false,"ementa":"\"Disp\u00f5e sobre a denomina\u00e7\u00e3o da Feira Coberta de Ca\u00e7u\".","indexacao":"","observacao":"","resultado":"","texto_original":"http://sapl.cacu.go.leg.br/media/sapl/public/materialegislativa/2020/1245/pl_no_23-2020_-_04.06_-_anexos.pdf","data_ultima_atualizacao":"2023-11-13T10:48:34.630650-03:00","ip":"45.170.173.2","ultima_edicao":"2020-06-05T09:16:33.374061-03:00","tipo":3,"regime_tramitacao":1,"tipo_origem_externa":3,"local_origem_externa":3,"user":3,"anexadas":[],"autores":[1]}