{"id":905,"__str__":"Of\u00edcio - Of\u00edcio de 28/08/2023 por Ol\u00edvio Girotto Neto","link_detail_backend":"/materia/documentoacessorio/905","metadata":{},"nome":"Of\u00edcio","data":"2023-08-28","autor":"Ol\u00edvio Girotto Neto","ementa":"Of\u00edcio do Procurador da Denunciada, Dr. Ol\u00edvio Girotto Neto.","indexacao":"","arquivo":"http://sapl.cacu.go.leg.br/media/sapl/public/documentoacessorio/2023/905/oficio_-_dr._olivio_000024.pdf","data_ultima_atualizacao":"2023-08-28T08:36:41.555320-03:00","materia":3414,"tipo":18}