{"id":2204,"__str__":"Parecer - Parecer Cont\u00e1bil de 09/10/2025 por Jos\u00e9 Denisson da Rocha","link_detail_backend":"/materia/documentoacessorio/2204","metadata":{"signs":{"arquivo":{"admin":[],"autores":[["Jose Denisson da Rocha",["2025-10-09T11:11:55-03:00","ICP-Brasil - Certificado PF A1"]]]}}},"nome":"Parecer Cont\u00e1bil","data":"2025-10-09","autor":"Jos\u00e9 Denisson da Rocha","ementa":"Parecer \u00e0 respeito do Relat\u00f3rio de Suplementa\u00e7\u00f5es Or\u00e7ament\u00e1rias e Justificativa para o aumento do \u00edndice de suplementa\u00e7\u00e3o.","indexacao":"","arquivo":"http://sapl.cacu.go.leg.br/media/sapl/public/documentoacessorio/2025/2204/parecer_oficio_370-25_suplementacao.pdf","data_ultima_atualizacao":"2025-10-09T13:37:35.708878-03:00","materia":4977,"tipo":23}