{"id":1660,"__str__":"Of\u00edcio - SOLICITA\u00c7\u00c3O DE RETIRADA DO PLO 08/2025 de 24/02/2025 por CHEFE DO PODER EXECUTIVO","link_detail_backend":"/materia/documentoacessorio/1660","metadata":{"signs":{"arquivo":{"admin":[],"autores":[["Kelson Souza Vilarinho",["2025-02-24T14:32:11-03:00","ICP-Brasil - Certificado PF A1"]]]}}},"nome":"SOLICITA\u00c7\u00c3O DE RETIRADA DO PLO 08/2025","data":"2025-02-24","autor":"CHEFE DO PODER EXECUTIVO","ementa":"","indexacao":"","arquivo":"http://sapl.cacu.go.leg.br/media/sapl/public/documentoacessorio/2025/1660/oficio_069-25_-_retirada_projeto_lei_08-25.pdf","data_ultima_atualizacao":"2025-02-24T15:50:49.969167-03:00","materia":4670,"tipo":18}